{"id":6053,"date":"2014-06-12T09:00:06","date_gmt":"2014-06-12T12:00:06","guid":{"rendered":"http:\/\/www.sincomam.org.br\/?p=6053"},"modified":"2014-06-12T09:24:30","modified_gmt":"2014-06-12T12:24:30","slug":"tcu-diz-que-governo-federal-cumpre-parte-de-condicoes-para-arrendamento-de-portos","status":"publish","type":"post","link":"https:\/\/www.sincomam.org.br\/index.php\/tcu-diz-que-governo-federal-cumpre-parte-de-condicoes-para-arrendamento-de-portos\/","title":{"rendered":"TCU diz que governo federal cumpre parte de condi\u00e7\u00f5es para arrendamento de portos"},"content":{"rendered":"<p>O Tribunal de Contas da Uni\u00e3o (TCU) considerou ontem, quarta-feira que o governo federal cumpriu 15 condicionantes estabelecidas pela corte relativas aos editais de arrendamento de \u00e1reas em portos existentes em Santos e em terminais do Par\u00e1.<\/p>\n<p>A publica\u00e7\u00e3o dos editais, por\u00e9m, ainda n\u00e3o foi liberada, pois depende da conclus\u00e3o de an\u00e1lise pelo TCU de recurso apresentado pelo governo questionando quatro outras condicionantes fixadas pelo tribunal em dezembro do ano passado.<\/p>\n<p>O governo federal esperava realizar o primeiro bloco de licita\u00e7\u00f5es das \u00e1reas em Santos e no Par\u00e1 no final de 2013, mas o plano teve de ser adiado depois que o TCU fixou as 19 condi\u00e7\u00f5es.<\/p>\n<p>Na leitura de seu voto, relativo ao cumprimento de 15 dessas condi\u00e7\u00f5es, a ministra relatora do caso, Ana Arraes, fez algumas recomenda\u00e7\u00f5es. A principal \u00e9 que, futuramente, o governo estabele\u00e7a um banco de dados com par\u00e2metros internacionais para comparar o desempenho dos portos brasileiros com terminais de outros pa\u00edses.<\/p>\n<p>&#8220;Em face da aus\u00eancia de uma avalia\u00e7\u00e3o sistem\u00e1tica e consistente de indicadores de performance de portos internacionais de not\u00f3ria efici\u00eancia, os estudos de viabilidade n\u00e3o s\u00e3o capazes de assegurar que o setor portu\u00e1rio brasileiro apresentar\u00e1 desempenho que o situe em n\u00edvel competitivo no cen\u00e1rio internacional&#8221;, disse a ministra.<\/p>\n<p>Para efetivamente dar in\u00edcio ao processo de licita\u00e7\u00e3o, o governo aguarda ainda a an\u00e1lise de recurso apresentado ao pr\u00f3prio TCU questionando as outras quatro condicionantes. Segundo um t\u00e9cnico do tribunal, ainda n\u00e3o h\u00e1 uma data para que esses recursos sejam julgados no plen\u00e1rio.<\/p>\n<p>No recurso, o governo questiona principalmente a exig\u00eancia do TCU de estabelecer tarifas-teto para os servi\u00e7os prestados em todos os arrendamentos.<\/p>\n<p>Fonte: ReutersPor Leonardo Goy<\/p>\n","protected":false},"excerpt":{"rendered":"<p>O Tribunal de Contas da Uni\u00e3o (TCU) considerou ontem, quarta-feira que o governo federal cumpriu 15 condicionantes estabelecidas pela corte relativas aos editais de arrendamento&#8230;<\/p>\n","protected":false},"author":1182,"featured_media":286,"comment_status":"closed","ping_status":"closed","sticky":false,"template":"","format":"standard","meta":{"footnotes":""},"categories":[6],"tags":[1373,1372,475,69,393,954],"class_list":["post-6053","post","type-post","status-publish","format-standard","has-post-thumbnail","hentry","category-noticias","tag-areas","tag-arrendamento","tag-contas","tag-portos","tag-tribunal","tag-uniao"],"_links":{"self":[{"href":"https:\/\/www.sincomam.org.br\/index.php\/wp-json\/wp\/v2\/posts\/6053","targetHints":{"allow":["GET"]}}],"collection":[{"href":"https:\/\/www.sincomam.org.br\/index.php\/wp-json\/wp\/v2\/posts"}],"about":[{"href":"https:\/\/www.sincomam.org.br\/index.php\/wp-json\/wp\/v2\/types\/post"}],"author":[{"embeddable":true,"href":"https:\/\/www.sincomam.org.br\/index.php\/wp-json\/wp\/v2\/users\/1182"}],"replies":[{"embeddable":true,"href":"https:\/\/www.sincomam.org.br\/index.php\/wp-json\/wp\/v2\/comments?post=6053"}],"version-history":[{"count":1,"href":"https:\/\/www.sincomam.org.br\/index.php\/wp-json\/wp\/v2\/posts\/6053\/revisions"}],"predecessor-version":[{"id":6054,"href":"https:\/\/www.sincomam.org.br\/index.php\/wp-json\/wp\/v2\/posts\/6053\/revisions\/6054"}],"wp:featuredmedia":[{"embeddable":true,"href":"https:\/\/www.sincomam.org.br\/index.php\/wp-json\/wp\/v2\/media\/286"}],"wp:attachment":[{"href":"https:\/\/www.sincomam.org.br\/index.php\/wp-json\/wp\/v2\/media?parent=6053"}],"wp:term":[{"taxonomy":"category","embeddable":true,"href":"https:\/\/www.sincomam.org.br\/index.php\/wp-json\/wp\/v2\/categories?post=6053"},{"taxonomy":"post_tag","embeddable":true,"href":"https:\/\/www.sincomam.org.br\/index.php\/wp-json\/wp\/v2\/tags?post=6053"}],"curies":[{"name":"wp","href":"https:\/\/api.w.org\/{rel}","templated":true}]}}