{"id":60509,"date":"2025-07-30T16:42:05","date_gmt":"2025-07-30T19:42:05","guid":{"rendered":"https:\/\/www.sincomam.org.br\/?p=60509"},"modified":"2025-07-30T16:42:05","modified_gmt":"2025-07-30T19:42:05","slug":"porto-do-rio-recebe-novo-centro-de-controle-e-inicia-dragagem-no-cais-da-gamboa","status":"publish","type":"post","link":"https:\/\/www.sincomam.org.br\/index.php\/porto-do-rio-recebe-novo-centro-de-controle-e-inicia-dragagem-no-cais-da-gamboa\/","title":{"rendered":"Porto do Rio recebe novo centro de controle e inicia dragagem no Cais da Gamboa"},"content":{"rendered":"<p>O ministro de portos e aeroportos, Silvio Costa Filho, inaugurou nesta ter\u00e7a-feira (29) o novo Centro de Controle Operacional (CCO) da PortosRio, primeira etapa da implementa\u00e7\u00e3o do sistema VTMIS (<em>Vessel Traffic Management Information System<\/em>) no Porto do Rio, que possibilitar\u00e1 o monitoramento em tempo real do tr\u00e1fego mar\u00edtimo no terminal carioca.<\/p>\n<p>Com sensores integrados, radares, c\u00e2meras e ferramentas de rastreamento, o centro garante vis\u00e3o precisa e integrada das opera\u00e7\u00f5es, alinhando-se \u00e0s normas da Marinha do Brasil (Normam 26) para servi\u00e7os de tr\u00e1fego de embarca\u00e7\u00f5es. \u201cNos \u00faltimos dois anos, o Porto do Rio registrou crescimento superior a 15%, tornando-se um dos que mais se destacaram no pa\u00eds\u201d, destacou Costa Filho.<\/p>\n<p>Na mesma cerim\u00f4nia, foi assinada a ordem de servi\u00e7o para o in\u00edcio da dragagem do Cais da Gamboa, pela empresa DTA Engenharia, com prazo estimado de seis meses para conclus\u00e3o. Segundo o ministro, com a obra, o Porto do Rio poder\u00e1 atender \u00e0s demandas do novo ciclo de crescimento econ\u00f4mico do pa\u00eds, atrair investimentos, gerar empregos e ampliar a participa\u00e7\u00e3o brasileira no com\u00e9rcio global.<\/p>\n<p>O projeto prev\u00ea a readequa\u00e7\u00e3o e a amplia\u00e7\u00e3o do canal de acesso, incluindo a dragagem, a elabora\u00e7\u00e3o dos projetos b\u00e1sico e executivo, instala\u00e7\u00e3o de sinaliza\u00e7\u00e3o e balizamento, al\u00e9m de servi\u00e7os complementares. Entre outros benef\u00edcios, a dragagem vai aumentar a seguran\u00e7a e a efici\u00eancia na navega\u00e7\u00e3o. Al\u00e9m disso, permitir\u00e1 reduzir custos, consolidar o porto como hub estrat\u00e9gico e aumentar a arrecada\u00e7\u00e3o tarif\u00e1ria e o impacto positivo no PIB regional.<\/p>\n<p>Fonte: Portos e Navios<\/p>\n","protected":false},"excerpt":{"rendered":"<p>O ministro de portos e aeroportos, Silvio Costa Filho, inaugurou nesta ter\u00e7a-feira (29) o novo Centro de Controle Operacional (CCO) da PortosRio, primeira etapa da&#8230;<\/p>\n","protected":false},"author":1527,"featured_media":60510,"comment_status":"closed","ping_status":"closed","sticky":false,"template":"","format":"standard","meta":{"footnotes":""},"categories":[6],"tags":[],"class_list":["post-60509","post","type-post","status-publish","format-standard","has-post-thumbnail","hentry","category-noticias"],"_links":{"self":[{"href":"https:\/\/www.sincomam.org.br\/index.php\/wp-json\/wp\/v2\/posts\/60509","targetHints":{"allow":["GET"]}}],"collection":[{"href":"https:\/\/www.sincomam.org.br\/index.php\/wp-json\/wp\/v2\/posts"}],"about":[{"href":"https:\/\/www.sincomam.org.br\/index.php\/wp-json\/wp\/v2\/types\/post"}],"author":[{"embeddable":true,"href":"https:\/\/www.sincomam.org.br\/index.php\/wp-json\/wp\/v2\/users\/1527"}],"replies":[{"embeddable":true,"href":"https:\/\/www.sincomam.org.br\/index.php\/wp-json\/wp\/v2\/comments?post=60509"}],"version-history":[{"count":1,"href":"https:\/\/www.sincomam.org.br\/index.php\/wp-json\/wp\/v2\/posts\/60509\/revisions"}],"predecessor-version":[{"id":60511,"href":"https:\/\/www.sincomam.org.br\/index.php\/wp-json\/wp\/v2\/posts\/60509\/revisions\/60511"}],"wp:featuredmedia":[{"embeddable":true,"href":"https:\/\/www.sincomam.org.br\/index.php\/wp-json\/wp\/v2\/media\/60510"}],"wp:attachment":[{"href":"https:\/\/www.sincomam.org.br\/index.php\/wp-json\/wp\/v2\/media?parent=60509"}],"wp:term":[{"taxonomy":"category","embeddable":true,"href":"https:\/\/www.sincomam.org.br\/index.php\/wp-json\/wp\/v2\/categories?post=60509"},{"taxonomy":"post_tag","embeddable":true,"href":"https:\/\/www.sincomam.org.br\/index.php\/wp-json\/wp\/v2\/tags?post=60509"}],"curies":[{"name":"wp","href":"https:\/\/api.w.org\/{rel}","templated":true}]}}