{"id":60508,"date":"2025-08-01T11:31:40","date_gmt":"2025-08-01T14:31:40","guid":{"rendered":"https:\/\/www.sincomam.org.br\/?p=60508"},"modified":"2025-09-24T13:37:59","modified_gmt":"2025-09-24T16:37:59","slug":"parceria-sincomam-e-unifecaf-oferece-oportunidades-exclusivas-para-associados-e-dependentes","status":"publish","type":"post","link":"https:\/\/www.sincomam.org.br\/index.php\/parceria-sincomam-e-unifecaf-oferece-oportunidades-exclusivas-para-associados-e-dependentes\/","title":{"rendered":"Parceria SINCOMAM e UniFECAF oferece oportunidades exclusivas para associados e dependentes"},"content":{"rendered":"<p style=\"font-weight: 400;\"><a href=\"https:\/\/www.sincomam.org.br\/wp-content\/uploads\/2025\/07\/UNIFECAF-1.0.jpeg\"><img fetchpriority=\"high\" decoding=\"async\" class=\"alignleft size-medium wp-image-60513\" src=\"https:\/\/www.sincomam.org.br\/wp-content\/uploads\/2025\/07\/UNIFECAF-1.0-210x300.jpeg\" alt=\"\" width=\"210\" height=\"300\" srcset=\"https:\/\/www.sincomam.org.br\/wp-content\/uploads\/2025\/07\/UNIFECAF-1.0-210x300.jpeg 210w, https:\/\/www.sincomam.org.br\/wp-content\/uploads\/2025\/07\/UNIFECAF-1.0-716x1024.jpeg 716w, https:\/\/www.sincomam.org.br\/wp-content\/uploads\/2025\/07\/UNIFECAF-1.0-768x1098.jpeg 768w, https:\/\/www.sincomam.org.br\/wp-content\/uploads\/2025\/07\/UNIFECAF-1.0-1074x1536.jpeg 1074w, https:\/\/www.sincomam.org.br\/wp-content\/uploads\/2025\/07\/UNIFECAF-1.0.jpeg 1119w\" sizes=\"(max-width: 210px) 100vw, 210px\" \/><\/a>Temos uma not\u00edcia incr\u00edvel para voc\u00ea que faz parte do SINCOMAM! Agora, todos os benefici\u00e1rios passam a contar com as seguintes condi\u00e7\u00f5es exclusivas nos cursos de gradua\u00e7\u00e3o e p\u00f3s-gradua\u00e7\u00e3o do Centro Universit\u00e1rio UniFECAF.<\/p>\n<p style=\"font-weight: 400;\"><strong><img decoding=\"async\" class=\"an1\" draggable=\"false\" src=\"https:\/\/fonts.gstatic.com\/s\/e\/notoemoji\/16.0\/2705\/32.png\" alt=\"\u2705\" data-emoji=\"\u2705\" aria-label=\"\u2705\" \/>50% de desconto<\/strong>\u00a0sobre o valor bruto das mensalidades em todos os cursos de gradua\u00e7\u00e3o e p\u00f3s-gradua\u00e7\u00e3o (EAD ou semipresencial);<br \/>\n<strong><img decoding=\"async\" class=\"an1\" draggable=\"false\" src=\"https:\/\/fonts.gstatic.com\/s\/e\/notoemoji\/16.0\/2705\/32.png\" alt=\"\u2705\" data-emoji=\"\u2705\" aria-label=\"\u2705\" \/>Isen\u00e7\u00e3o total da taxa de matr\u00edcula<\/strong>;<br \/>\n<strong><img decoding=\"async\" class=\"an1\" draggable=\"false\" src=\"https:\/\/fonts.gstatic.com\/s\/e\/notoemoji\/16.0\/2705\/32.png\" alt=\"\u2705\" data-emoji=\"\u2705\" aria-label=\"\u2705\" \/>Car\u00eancia para o primeiro pagamento<\/strong>\u00a0\u2013 a primeira mensalidade ser\u00e1 cobrada apenas no segundo m\u00eas ap\u00f3s a matr\u00edcula;<br \/>\n<strong><img decoding=\"async\" class=\"an1\" draggable=\"false\" src=\"https:\/\/fonts.gstatic.com\/s\/e\/notoemoji\/16.0\/2705\/32.png\" alt=\"\u2705\" data-emoji=\"\u2705\" aria-label=\"\u2705\" \/>Suporte acad\u00eamico dedicado<\/strong>, garantindo acompanhamento durante toda a jornada de estudos.<\/p>\n<p style=\"font-weight: 400;\">As aulas s\u00e3o oferecidas nos polos da UniFECAF localizados em:<br \/>\n<strong><img decoding=\"async\" class=\"an1\" draggable=\"false\" src=\"https:\/\/fonts.gstatic.com\/s\/e\/notoemoji\/16.0\/1f4cd\/32.png\" alt=\"\" data-emoji=\"\" aria-label=\"\" \/>Centro \u2013 Rio de Janeiro<\/strong>: Av. Rio Branco, 25 \u2013 20\u00ba andar<br \/>\n<strong><img decoding=\"async\" class=\"an1\" draggable=\"false\" src=\"https:\/\/fonts.gstatic.com\/s\/e\/notoemoji\/16.0\/1f4cd\/32.png\" alt=\"\" data-emoji=\"\" aria-label=\"\" \/>Nova Igua\u00e7u \u2013 Baixada Fluminense<\/strong>: Av. Nilo Pe\u00e7anha, 545 \u2013 2\u00ba andar<\/p>\n<p style=\"font-weight: 400;\">UniFECAF e SINCOMAM: juntos pelo seu sucesso!<\/p>\n","protected":false},"excerpt":{"rendered":"<p>Temos uma not\u00edcia incr\u00edvel para voc\u00ea que faz parte do SINCOMAM! Agora, todos os benefici\u00e1rios passam a contar com as seguintes condi\u00e7\u00f5es exclusivas nos cursos&#8230;<\/p>\n","protected":false},"author":1527,"featured_media":60518,"comment_status":"closed","ping_status":"closed","sticky":false,"template":"","format":"standard","meta":{"footnotes":""},"categories":[11,42],"tags":[],"class_list":["post-60508","post","type-post","status-publish","format-standard","has-post-thumbnail","hentry","category-convenios","category-faculdades"],"_links":{"self":[{"href":"https:\/\/www.sincomam.org.br\/index.php\/wp-json\/wp\/v2\/posts\/60508","targetHints":{"allow":["GET"]}}],"collection":[{"href":"https:\/\/www.sincomam.org.br\/index.php\/wp-json\/wp\/v2\/posts"}],"about":[{"href":"https:\/\/www.sincomam.org.br\/index.php\/wp-json\/wp\/v2\/types\/post"}],"author":[{"embeddable":true,"href":"https:\/\/www.sincomam.org.br\/index.php\/wp-json\/wp\/v2\/users\/1527"}],"replies":[{"embeddable":true,"href":"https:\/\/www.sincomam.org.br\/index.php\/wp-json\/wp\/v2\/comments?post=60508"}],"version-history":[{"count":6,"href":"https:\/\/www.sincomam.org.br\/index.php\/wp-json\/wp\/v2\/posts\/60508\/revisions"}],"predecessor-version":[{"id":60524,"href":"https:\/\/www.sincomam.org.br\/index.php\/wp-json\/wp\/v2\/posts\/60508\/revisions\/60524"}],"wp:featuredmedia":[{"embeddable":true,"href":"https:\/\/www.sincomam.org.br\/index.php\/wp-json\/wp\/v2\/media\/60518"}],"wp:attachment":[{"href":"https:\/\/www.sincomam.org.br\/index.php\/wp-json\/wp\/v2\/media?parent=60508"}],"wp:term":[{"taxonomy":"category","embeddable":true,"href":"https:\/\/www.sincomam.org.br\/index.php\/wp-json\/wp\/v2\/categories?post=60508"},{"taxonomy":"post_tag","embeddable":true,"href":"https:\/\/www.sincomam.org.br\/index.php\/wp-json\/wp\/v2\/tags?post=60508"}],"curies":[{"name":"wp","href":"https:\/\/api.w.org\/{rel}","templated":true}]}}