{"id":60496,"date":"2025-07-30T12:03:36","date_gmt":"2025-07-30T15:03:36","guid":{"rendered":"https:\/\/www.sincomam.org.br\/?p=60496"},"modified":"2025-07-30T12:03:36","modified_gmt":"2025-07-30T15:03:36","slug":"sao-francisco-do-sul-e-um-dos-tres-portos-publicos-do-pais-a-obter-a-certificacao-iso-9001-e-14001","status":"publish","type":"post","link":"https:\/\/www.sincomam.org.br\/index.php\/sao-francisco-do-sul-e-um-dos-tres-portos-publicos-do-pais-a-obter-a-certificacao-iso-9001-e-14001\/","title":{"rendered":"S\u00e3o Francisco do Sul \u00e9 um dos tr\u00eas portos p\u00fablicos do pa\u00eds a obter a Certifica\u00e7\u00e3o ISO 9001 e 14001"},"content":{"rendered":"<p>O Porto de S\u00e3o Francisco do Sul atende a todos os requisitos estabelecidos para a Certifica\u00e7\u00e3o ISO 9001 (Gest\u00e3o da Qualidade) e 14001 (Gest\u00e3o Ambiental).<br \/>\nA conclus\u00e3o \u00e9 da empresa ONC Certifica\u00e7\u00e3o, que realizou uma auditoria completa nos diferentes setores do terminal portu\u00e1rio neste m\u00eas de julho.<\/p>\n<p>\u201cA avalia\u00e7\u00e3o dos processos e opera\u00e7\u00f5es do Porto de S\u00e3o Francisco do Sul demonstrou ader\u00eancia aos objetivos institucionais e estrat\u00e9gicos da organiza\u00e7\u00e3o, refletindo um alinhamento consistente com os requisitos das normas ISO\u201d, concluiu a auditora Sandra Mariano, ao conceder a recertifica\u00e7\u00e3o.<\/p>\n<p>O Porto conquistou as certifica\u00e7\u00f5es ISO em 2022, o que possibilitou o ingresso no seleto grupo dos tr\u00eas portos p\u00fablicos certificados \u2013 os outros s\u00e3o o Porto do Itaqui (MA) e o Porto de Suape (PE). Nos dois anos seguintes, ap\u00f3s auditorias externas, foram renovadas as manuten\u00e7\u00f5es.<\/p>\n<p>Agora, em julho, foram auditados, novamente, todos os requisitos das certifica\u00e7\u00f5es ISO. \u201cAs duas manuten\u00e7\u00f5es de 2023 e 2024 se caracterizaram por ser auditorias mais pontuais. J\u00e1 neste ano, \u00e9 como se\u00a0 tivesse sido realizado um novo processo de certifica\u00e7\u00e3o\u201d, explica a gerente de Planejamento, Suellen Jovita, respons\u00e1vel por toda a gest\u00e3o de qualidade do Porto, junto com a servidora Danielle Ma\u00e7aneiro.<\/p>\n<p>De acordo com o relat\u00f3rio da auditoria externa, as \u201c\u00e1reas operacionais, t\u00e9cnicas e administrativas foram avaliadas quanto a sua capacidade de atendimento de forma eficaz \u00e0s exig\u00eancias legais, contratuais, socioambientais e comerciais\u201d.<\/p>\n<p>\u201cEsta certifica\u00e7\u00e3o \u00e9 mais um reconhecimento ao trabalho realizado por gestores e colaboradores do Porto de S\u00e3o Francisco, que vem realizando o trabalho com excel\u00eancia e comprometimento\u201d, destaca o secret\u00e1rio estadual de Portos, Aeroportos e Ferrovias, Beto Martins.<\/p>\n<p>Para o presidente do Porto, Cleverton Vieira, a recertifica\u00e7\u00e3o demonstra o compromisso com a continuidade da qualidade dos processos internos e externos. \u201c\u201cNossa miss\u00e3o como empresa que administra o Porto \u00e9 prestar um servi\u00e7o de qualidade aos nossos usu\u00e1rios, pautado em pr\u00e1ticas eficientes\u00a0 e sustent\u00e1veis\u201d.<br \/>\nDe acordo com Vieira, com a recertifica\u00e7\u00e3o do Sistema de Gest\u00e3o Integrado \u201cestamos consolidando um modelo diferenciado de governan\u00e7a, alinhado ao que h\u00e1 de mais moderno em termos de gest\u00e3o p\u00fablica, de acordo com as diretrizes repassadas pelo governador Jorginho Mello\u201d.<\/p>\n<p>A auditoria externa da Empresa ONC Certifica\u00e7\u00e3o atesta que \u201co escopo atual, descrito como \u2018disponibiliza\u00e7\u00e3o de infraestrutura de navega\u00e7\u00e3o, acostagem, entrega e armazenamento de mercadorias destinadas ou de transporte aquavi\u00e1rio\u2019, \u00e9 suficiente para incorporar os processos cr\u00edticos e especializa\u00e7\u00f5es de controle \u00e0s opera\u00e7\u00f5es portu\u00e1rias, inclusive com foco na sustentabilidade e desempenho ambiental\u201d.<\/p>\n<p>A auditoria conclui, portanto, que o escopo de atua\u00e7\u00e3o do Porto de S\u00e3o Francisco do Sul \u201cest\u00e1 claramente definido e estruturado para suportar as opera\u00e7\u00f5es atuais e a evolu\u00e7\u00e3o futura de suas atividades, mantendo o compromisso com a melhoria cont\u00ednua, o atendimento aos requisitos normativos e o alinhamento \u00e0s melhores pr\u00e1ticas de governan\u00e7a, sustentabilidade e manuten\u00e7\u00e3o de contas do setor p\u00fablico e log\u00edstico-portu\u00e1rio\u201d.<\/p>\n<p>Fonte: Informativo dos Portos<\/p>\n","protected":false},"excerpt":{"rendered":"<p>O Porto de S\u00e3o Francisco do Sul atende a todos os requisitos estabelecidos para a Certifica\u00e7\u00e3o ISO 9001 (Gest\u00e3o da Qualidade) e 14001 (Gest\u00e3o Ambiental)&#8230;.<\/p>\n","protected":false},"author":1527,"featured_media":60497,"comment_status":"closed","ping_status":"closed","sticky":false,"template":"","format":"standard","meta":{"footnotes":""},"categories":[6],"tags":[],"class_list":["post-60496","post","type-post","status-publish","format-standard","has-post-thumbnail","hentry","category-noticias"],"_links":{"self":[{"href":"https:\/\/www.sincomam.org.br\/index.php\/wp-json\/wp\/v2\/posts\/60496","targetHints":{"allow":["GET"]}}],"collection":[{"href":"https:\/\/www.sincomam.org.br\/index.php\/wp-json\/wp\/v2\/posts"}],"about":[{"href":"https:\/\/www.sincomam.org.br\/index.php\/wp-json\/wp\/v2\/types\/post"}],"author":[{"embeddable":true,"href":"https:\/\/www.sincomam.org.br\/index.php\/wp-json\/wp\/v2\/users\/1527"}],"replies":[{"embeddable":true,"href":"https:\/\/www.sincomam.org.br\/index.php\/wp-json\/wp\/v2\/comments?post=60496"}],"version-history":[{"count":1,"href":"https:\/\/www.sincomam.org.br\/index.php\/wp-json\/wp\/v2\/posts\/60496\/revisions"}],"predecessor-version":[{"id":60498,"href":"https:\/\/www.sincomam.org.br\/index.php\/wp-json\/wp\/v2\/posts\/60496\/revisions\/60498"}],"wp:featuredmedia":[{"embeddable":true,"href":"https:\/\/www.sincomam.org.br\/index.php\/wp-json\/wp\/v2\/media\/60497"}],"wp:attachment":[{"href":"https:\/\/www.sincomam.org.br\/index.php\/wp-json\/wp\/v2\/media?parent=60496"}],"wp:term":[{"taxonomy":"category","embeddable":true,"href":"https:\/\/www.sincomam.org.br\/index.php\/wp-json\/wp\/v2\/categories?post=60496"},{"taxonomy":"post_tag","embeddable":true,"href":"https:\/\/www.sincomam.org.br\/index.php\/wp-json\/wp\/v2\/tags?post=60496"}],"curies":[{"name":"wp","href":"https:\/\/api.w.org\/{rel}","templated":true}]}}