{"id":60493,"date":"2025-07-30T12:01:43","date_gmt":"2025-07-30T15:01:43","guid":{"rendered":"https:\/\/www.sincomam.org.br\/?p=60493"},"modified":"2025-07-30T12:01:43","modified_gmt":"2025-07-30T15:01:43","slug":"alianca-destaca-potencial-da-regiao-nordeste-para-cabotagem","status":"publish","type":"post","link":"https:\/\/www.sincomam.org.br\/index.php\/alianca-destaca-potencial-da-regiao-nordeste-para-cabotagem\/","title":{"rendered":"Alian\u00e7a destaca potencial da regi\u00e3o Nordeste para cabotagem"},"content":{"rendered":"<p>A Alian\u00e7a Navega\u00e7\u00e3o e Log\u00edstica busca ampliar o volume de cargas movimentadas entre o Nordeste e as regi\u00f5es Sul e Sudeste e se consolidar como alternativa log\u00edstica estrat\u00e9gica ao transporte rodovi\u00e1rio. A presidente da empresa,\u00a0Luiza Bublitz, destacou que o futuro terminal de cont\u00eaineres da APM Terminals em Suape (PE) vai agregar valor, efici\u00eancia e sustentabilidade \u00e0 cadeia log\u00edstica nacional. As duas empresas fazem parte do grupo Maersk.<\/p>\n<p>\u201cEm breve, a cabotagem contar\u00e1 com mais um terminal em Suape, o primeiro da Am\u00e9rica Latina 100% eletrificado, que agregar\u00e1 valor, efici\u00eancia e sustentabilidade \u00e0 cadeia log\u00edstica nacional\u201d, projetou Luiza, que confirmou a presen\u00e7a da Alian\u00e7a na feira &#8216;Multimodal Nordeste 2025&#8217;, em agosto, em Recife (PE), que abordar\u00e1 o potencial log\u00edstico e comercial de Pernambuco, entre outros temas.<\/p>\n<p>Luiza ressaltou que a cabotagem, especialmente considerando longas dist\u00e2ncias, tem se consolidado como alternativa cada vez mais relevante para enfrentar os desafios da infraestrutura brasileira. \u201cAcreditamos que a log\u00edstica integrada, unindo modais, \u00e9 a melhor forma de entregar efici\u00eancia operacional, reduzir custos e gerar ganhos ambientais para nossos clientes\u201d, disse.<\/p>\n<p>Ela destacou que a Alian\u00e7a aposta na intermodalidade e conta com uma frota pr\u00f3pria de caminh\u00f5es na regi\u00e3o, al\u00e9m de um novo armaz\u00e9m e navios modernos com escalas semanais. &#8220;A cabotagem \u00e9 alternativa segura, eficiente e sustent\u00e1vel para conectar o Brasil. Com mais de 70% da popula\u00e7\u00e3o vivendo a at\u00e9 200 quil\u00f4metros do litoral, ela se mostra o modal ideal para integrar as regi\u00f5es costeiras do pa\u00eds\u201d, defendeu a executiva.<\/p>\n<p>Fonte: Portos e Navios<\/p>\n","protected":false},"excerpt":{"rendered":"<p>A Alian\u00e7a Navega\u00e7\u00e3o e Log\u00edstica busca ampliar o volume de cargas movimentadas entre o Nordeste e as regi\u00f5es Sul e Sudeste e se consolidar como&#8230;<\/p>\n","protected":false},"author":1527,"featured_media":60494,"comment_status":"closed","ping_status":"closed","sticky":false,"template":"","format":"standard","meta":{"footnotes":""},"categories":[6],"tags":[],"class_list":["post-60493","post","type-post","status-publish","format-standard","has-post-thumbnail","hentry","category-noticias"],"_links":{"self":[{"href":"https:\/\/www.sincomam.org.br\/index.php\/wp-json\/wp\/v2\/posts\/60493","targetHints":{"allow":["GET"]}}],"collection":[{"href":"https:\/\/www.sincomam.org.br\/index.php\/wp-json\/wp\/v2\/posts"}],"about":[{"href":"https:\/\/www.sincomam.org.br\/index.php\/wp-json\/wp\/v2\/types\/post"}],"author":[{"embeddable":true,"href":"https:\/\/www.sincomam.org.br\/index.php\/wp-json\/wp\/v2\/users\/1527"}],"replies":[{"embeddable":true,"href":"https:\/\/www.sincomam.org.br\/index.php\/wp-json\/wp\/v2\/comments?post=60493"}],"version-history":[{"count":1,"href":"https:\/\/www.sincomam.org.br\/index.php\/wp-json\/wp\/v2\/posts\/60493\/revisions"}],"predecessor-version":[{"id":60495,"href":"https:\/\/www.sincomam.org.br\/index.php\/wp-json\/wp\/v2\/posts\/60493\/revisions\/60495"}],"wp:featuredmedia":[{"embeddable":true,"href":"https:\/\/www.sincomam.org.br\/index.php\/wp-json\/wp\/v2\/media\/60494"}],"wp:attachment":[{"href":"https:\/\/www.sincomam.org.br\/index.php\/wp-json\/wp\/v2\/media?parent=60493"}],"wp:term":[{"taxonomy":"category","embeddable":true,"href":"https:\/\/www.sincomam.org.br\/index.php\/wp-json\/wp\/v2\/categories?post=60493"},{"taxonomy":"post_tag","embeddable":true,"href":"https:\/\/www.sincomam.org.br\/index.php\/wp-json\/wp\/v2\/tags?post=60493"}],"curies":[{"name":"wp","href":"https:\/\/api.w.org\/{rel}","templated":true}]}}