{"id":60464,"date":"2025-07-29T11:32:50","date_gmt":"2025-07-29T14:32:50","guid":{"rendered":"https:\/\/www.sincomam.org.br\/?p=60464"},"modified":"2025-07-29T11:39:19","modified_gmt":"2025-07-29T14:39:19","slug":"oferta-permanente-de-partilha-opp-anp-aprova-estudos-do-projeto-calcita-e-pode-dar-origem-a-tres-novos-blocos-no-pre-sal-da-bacia-de-campos","status":"publish","type":"post","link":"https:\/\/www.sincomam.org.br\/index.php\/oferta-permanente-de-partilha-opp-anp-aprova-estudos-do-projeto-calcita-e-pode-dar-origem-a-tres-novos-blocos-no-pre-sal-da-bacia-de-campos\/","title":{"rendered":"ANP aprova estudos do Projeto Calcita e pode dar origem a tr\u00eas novos blocos no Pr\u00e9-Sal da Bacia de Campos"},"content":{"rendered":"<p>A Diretoria Colegiada da ANP aprovou ontem (24\/07) os estudos geoecon\u00f4micos relativos a tr\u00eas novos blocos explorat\u00f3rios localizados no Pr\u00e9-sal da Bacia de Campos:  Calcita, Dolomita e Azurita . Os estudos foram conduzidos no \u00e2mbito do  Projeto Calcita  e integraram a quarta iniciativa associada ao  Calend\u00e1rio Estrat\u00e9gico de Avalia\u00e7\u00f5es Geol\u00f3gicas e Econ\u00f4micas para o Pol\u00edgono do Pr\u00e9-sal , institu\u00eddo pela Ag\u00eancia no final de 2023.<\/p>\n<p>Com \u00e1rea total de aproximadamente 6.200 km\u00b2, os blocos foram classificados como de alto potencial, e os estudos indicam a exist\u00eancia de condi\u00e7\u00f5es t\u00e9cnicas e econ\u00f4micas desenvolvidas ao desenvolvimento de grandes projetos na regi\u00e3o.<\/p>\n<p>Com essa nova entrega, a ANP atinge a marca de aproximadamente 68% da \u00e1rea sedimentar efetiva do Pol\u00edgono do Pr\u00e9-sal cient\u00edficos, um \u00edndice sem precedentes desde a cria\u00e7\u00e3o do regime de partilha.<\/p>\n<p>Nos termos da Lei n\u00ba 12.351\/2010, os estudos geoecon\u00f4micos e as coordenadas dos blocos definidos ser\u00e3o agora designados ao Minist\u00e9rio de Minas e Energia (MME), que det\u00e9m a prerrogativa de divulgar a disposi\u00e7\u00e3o geogr\u00e1fica e propor a inclus\u00e3o no regime de partilha ao Conselho Nacional de Pol\u00edtica Energ\u00e9tica (CNPE).<\/p>\n<p>Al\u00e9m da autoriza\u00e7\u00e3o do CNPE, os blocos ainda dependem da emiss\u00e3o de Manifesta\u00e7\u00e3o Conjunta do MME e do Minist\u00e9rio do Meio Ambiente e Mudan\u00e7a do Clima (MMA) para que possam ser formalmente inclu\u00eddos no rol da Oferta Permanente de Partilha (OPP). Assim, os blocos ainda n\u00e3o constam do edital e n\u00e3o ser\u00e3o inclu\u00eddos no  3\u00ba Ciclo da OPP .<\/p>\n<p>A iniciativa reafirma o compromisso da ANP com a valoriza\u00e7\u00e3o estrat\u00e9gica dos recursos do Pr\u00e9-sal brasileiro, contribuindo para o aumento da previsibilidade regulat\u00f3ria e o fortalecimento da concorr\u00eancia no setor de petr\u00f3leo e g\u00e1s.<\/p>\n<p><strong>Indica\u00e7\u00e3o de bloco para Oferta Permanente de Concess\u00e3o (OPC)<\/strong><\/p>\n<p>A Diretoria da ANP tamb\u00e9m aprovou ontem a indica\u00e7\u00e3o de um novo bloco explorat\u00f3rio terrestre na Bacia do Amazonas, para inclus\u00e3o no rol da Oferta Permanente de Concess\u00e3o (OPC). Com cerca de 275 km\u00b2, o bloco foi delimitado respeitando os crit\u00e9rios t\u00e9cnicos e socioambientais estabelecidos pela legisla\u00e7\u00e3o aplic\u00e1vel.<\/p>\n<p>Para ser incorporado ao edital da OPC, o bloco ainda precisar\u00e1 passar por an\u00e1lise ambiental, enviando de Manifesta\u00e7\u00e3o Conjunta do MME e do MMA, al\u00e9m de audi\u00eancia p\u00fablica, conforme descrito na p\u00e1gina  Blocos Explorat\u00f3rios , em \u201cBlocos em estudo\u201d. Somente ap\u00f3s a inclus\u00e3o no edital o bloco estar\u00e1 apto a receber declara\u00e7\u00e3o de interesse de empresas inscritas e constar de um futuro ciclo da OPC.<\/p>\n<p>A disposi\u00e7\u00e3o do bloco proposto recentemente estar\u00e1 sujeita a altera\u00e7\u00f5es ap\u00f3s an\u00e1lises e diretrizes ambientais e ser\u00e1 divulgada oportunamente na  p\u00e1gina da OPC .<\/p>\n<p>Fonte: gov.br<\/p>\n","protected":false},"excerpt":{"rendered":"<p>A Diretoria Colegiada da ANP aprovou ontem (24\/07) os estudos geoecon\u00f4micos relativos a tr\u00eas novos blocos explorat\u00f3rios localizados no Pr\u00e9-sal da Bacia de Campos: Calcita,&#8230;<\/p>\n","protected":false},"author":1527,"featured_media":60465,"comment_status":"closed","ping_status":"closed","sticky":false,"template":"","format":"standard","meta":{"footnotes":""},"categories":[6],"tags":[],"class_list":["post-60464","post","type-post","status-publish","format-standard","has-post-thumbnail","hentry","category-noticias"],"_links":{"self":[{"href":"https:\/\/www.sincomam.org.br\/index.php\/wp-json\/wp\/v2\/posts\/60464","targetHints":{"allow":["GET"]}}],"collection":[{"href":"https:\/\/www.sincomam.org.br\/index.php\/wp-json\/wp\/v2\/posts"}],"about":[{"href":"https:\/\/www.sincomam.org.br\/index.php\/wp-json\/wp\/v2\/types\/post"}],"author":[{"embeddable":true,"href":"https:\/\/www.sincomam.org.br\/index.php\/wp-json\/wp\/v2\/users\/1527"}],"replies":[{"embeddable":true,"href":"https:\/\/www.sincomam.org.br\/index.php\/wp-json\/wp\/v2\/comments?post=60464"}],"version-history":[{"count":2,"href":"https:\/\/www.sincomam.org.br\/index.php\/wp-json\/wp\/v2\/posts\/60464\/revisions"}],"predecessor-version":[{"id":60480,"href":"https:\/\/www.sincomam.org.br\/index.php\/wp-json\/wp\/v2\/posts\/60464\/revisions\/60480"}],"wp:featuredmedia":[{"embeddable":true,"href":"https:\/\/www.sincomam.org.br\/index.php\/wp-json\/wp\/v2\/media\/60465"}],"wp:attachment":[{"href":"https:\/\/www.sincomam.org.br\/index.php\/wp-json\/wp\/v2\/media?parent=60464"}],"wp:term":[{"taxonomy":"category","embeddable":true,"href":"https:\/\/www.sincomam.org.br\/index.php\/wp-json\/wp\/v2\/categories?post=60464"},{"taxonomy":"post_tag","embeddable":true,"href":"https:\/\/www.sincomam.org.br\/index.php\/wp-json\/wp\/v2\/tags?post=60464"}],"curies":[{"name":"wp","href":"https:\/\/api.w.org\/{rel}","templated":true}]}}