{"id":60461,"date":"2025-07-29T08:29:18","date_gmt":"2025-07-29T11:29:18","guid":{"rendered":"https:\/\/www.sincomam.org.br\/?p=60461"},"modified":"2025-07-29T08:29:18","modified_gmt":"2025-07-29T11:29:18","slug":"aps-abre-licitacao-para-aprofundar-porto-de-santos-para-16-metros","status":"publish","type":"post","link":"https:\/\/www.sincomam.org.br\/index.php\/aps-abre-licitacao-para-aprofundar-porto-de-santos-para-16-metros\/","title":{"rendered":"APS abre licita\u00e7\u00e3o para aprofundar Porto de Santos para 16 metros"},"content":{"rendered":"<p>A Autoridade Portu\u00e1ria de Santos (APS) abriu licita\u00e7\u00e3o para contratar a dragagem de aprofundamento do canal de navega\u00e7\u00e3o do Porto de Santos. A nova profundidade ser\u00e1 de 16 metros, atendendo a uma necessidade do mercado de navega\u00e7\u00e3o e ampliando a capacidade do complexo portu\u00e1rio.<\/p>\n<p>\u201cAtendemos assim uma necessidade do mercado internacional. \u00c9 o primeiro passo para, na sequ\u00eancia, buscarmos uma concess\u00e3o para o aprofundamento para 17 metros e manuten\u00e7\u00e3o do canal por 25 anos ou mais\u201d, afirmou o presidente da APS, Anderson Pomini.<\/p>\n<p>O edital foi publicado no Di\u00e1rio Oficial da Uni\u00e3o nesta quarta-feira (23\/07). A abertura das propostas ser\u00e1 no dia 26 de setembro pr\u00f3ximo. Al\u00e9m do aprofundamento, a contrata\u00e7\u00e3o prev\u00ea tamb\u00e9m a dragagem de manuten\u00e7\u00e3o do novo gabarito por um per\u00edodo de dois anos.<\/p>\n<p>Podem participar da concorr\u00eancia, nos termos do edital, empresas ou cons\u00f3rcios. A contrata\u00e7\u00e3o ser\u00e1 para o procedimento desde o licenciamento ambiental, execu\u00e7\u00e3o dos projetos b\u00e1sico e executivo e a dragagem propriamente dita.<\/p>\n<p>O aprofundamento do canal do Porto de Santos ser\u00e1 feito depois de 13 anos da \u00faltima obra, quando a profundidade foi aumentada para 15 metros. Neste per\u00edodo, os navios evolu\u00edram e exigem maior calado. Com essa obra, a APS visa garantir aos usu\u00e1rios do complexo portu\u00e1rio melhor infraestrutura.<\/p>\n<p>Fonte: Informativo dos Portos<\/p>\n","protected":false},"excerpt":{"rendered":"<p>A Autoridade Portu\u00e1ria de Santos (APS) abriu licita\u00e7\u00e3o para contratar a dragagem de aprofundamento do canal de navega\u00e7\u00e3o do Porto de Santos. A nova profundidade&#8230;<\/p>\n","protected":false},"author":1527,"featured_media":60462,"comment_status":"closed","ping_status":"closed","sticky":false,"template":"","format":"standard","meta":{"footnotes":""},"categories":[6],"tags":[],"class_list":["post-60461","post","type-post","status-publish","format-standard","has-post-thumbnail","hentry","category-noticias"],"_links":{"self":[{"href":"https:\/\/www.sincomam.org.br\/index.php\/wp-json\/wp\/v2\/posts\/60461","targetHints":{"allow":["GET"]}}],"collection":[{"href":"https:\/\/www.sincomam.org.br\/index.php\/wp-json\/wp\/v2\/posts"}],"about":[{"href":"https:\/\/www.sincomam.org.br\/index.php\/wp-json\/wp\/v2\/types\/post"}],"author":[{"embeddable":true,"href":"https:\/\/www.sincomam.org.br\/index.php\/wp-json\/wp\/v2\/users\/1527"}],"replies":[{"embeddable":true,"href":"https:\/\/www.sincomam.org.br\/index.php\/wp-json\/wp\/v2\/comments?post=60461"}],"version-history":[{"count":1,"href":"https:\/\/www.sincomam.org.br\/index.php\/wp-json\/wp\/v2\/posts\/60461\/revisions"}],"predecessor-version":[{"id":60463,"href":"https:\/\/www.sincomam.org.br\/index.php\/wp-json\/wp\/v2\/posts\/60461\/revisions\/60463"}],"wp:featuredmedia":[{"embeddable":true,"href":"https:\/\/www.sincomam.org.br\/index.php\/wp-json\/wp\/v2\/media\/60462"}],"wp:attachment":[{"href":"https:\/\/www.sincomam.org.br\/index.php\/wp-json\/wp\/v2\/media?parent=60461"}],"wp:term":[{"taxonomy":"category","embeddable":true,"href":"https:\/\/www.sincomam.org.br\/index.php\/wp-json\/wp\/v2\/categories?post=60461"},{"taxonomy":"post_tag","embeddable":true,"href":"https:\/\/www.sincomam.org.br\/index.php\/wp-json\/wp\/v2\/tags?post=60461"}],"curies":[{"name":"wp","href":"https:\/\/api.w.org\/{rel}","templated":true}]}}