{"id":60440,"date":"2025-07-28T09:09:03","date_gmt":"2025-07-28T12:09:03","guid":{"rendered":"https:\/\/www.sincomam.org.br\/?p=60440"},"modified":"2025-07-28T09:09:03","modified_gmt":"2025-07-28T12:09:03","slug":"antaq-fara-novo-levantamento-sobre-emissoes-de-gases-do-efeito-estufa","status":"publish","type":"post","link":"https:\/\/www.sincomam.org.br\/index.php\/antaq-fara-novo-levantamento-sobre-emissoes-de-gases-do-efeito-estufa\/","title":{"rendered":"Antaq far\u00e1 novo levantamento sobre emiss\u00f5es de gases do efeito estufa"},"content":{"rendered":"<p>A Ag\u00eancia Nacional de Transportes Aquavi\u00e1rios (Antaq) pretende iniciar, ainda em julho, a coleta de dados para o segundo Invent\u00e1rio de Emiss\u00f5es de Gases de Efeito Estufa (GEE) do setor aquavi\u00e1rio. Segundo a ag\u00eancia reguladora, ser\u00e1 feita a coleta direta de dados prim\u00e1rios em portos, instala\u00e7\u00f5es portu\u00e1rias e empresas brasileiras de navega\u00e7\u00e3o e entregue um relat\u00f3rio t\u00e9cnico com mapeamento das fontes emissoras, dividido em emiss\u00f5es diretas e indiretas, com margens de erro calculadas para cada categoria.<\/p>\n<p>A Antaq informou que o relat\u00f3rio trar\u00e1 indicadores setoriais com o desempenho de emiss\u00f5es, calculados com base em norma da Associa\u00e7\u00e3o Brasileira de Normas T\u00e9cnicas (ABNT) e nas diretrizes do Programa Brasileiro GHG Protocol. Ele especificar\u00e1 a porcentagem de uso de recursos renov\u00e1veis e trar\u00e1 informa\u00e7\u00f5es sobre as principais fontes de emiss\u00f5es do setor aquavi\u00e1rio e rankings regionais de efici\u00eancia carb\u00f4nica por tipo de carga.<\/p>\n<p>Segundo a Antaq, a realiza\u00e7\u00e3o do levantamento segue as diretrizes internacionais de descarboniza\u00e7\u00e3o e comprometimento de metas estabelecidas pela Organiza\u00e7\u00e3o Mar\u00edtima Internacional (IMO) para reduzir as emiss\u00f5es do transporte mar\u00edtimo. O invent\u00e1rio, informou a ag\u00eancia, ser\u00e1 feito em parceria com os acordos de coopera\u00e7\u00e3o t\u00e9cnica com a Confedera\u00e7\u00e3o Nacional do Transporte (CNT) e a Confedera\u00e7\u00e3o Nacional da Ind\u00fastria (CNI), al\u00e9m da Eletrobras, que participar\u00e1 de estudos para transi\u00e7\u00e3o energ\u00e9tica em portos, e da ABNT, que far\u00e1 a certifica\u00e7\u00e3o de processos.<\/p>\n<p>Fonte: Portos e Navios<\/p>\n","protected":false},"excerpt":{"rendered":"<p>A Ag\u00eancia Nacional de Transportes Aquavi\u00e1rios (Antaq) pretende iniciar, ainda em julho, a coleta de dados para o segundo Invent\u00e1rio de Emiss\u00f5es de Gases de&#8230;<\/p>\n","protected":false},"author":1527,"featured_media":60441,"comment_status":"closed","ping_status":"closed","sticky":false,"template":"","format":"standard","meta":{"footnotes":""},"categories":[6],"tags":[],"class_list":["post-60440","post","type-post","status-publish","format-standard","has-post-thumbnail","hentry","category-noticias"],"_links":{"self":[{"href":"https:\/\/www.sincomam.org.br\/index.php\/wp-json\/wp\/v2\/posts\/60440","targetHints":{"allow":["GET"]}}],"collection":[{"href":"https:\/\/www.sincomam.org.br\/index.php\/wp-json\/wp\/v2\/posts"}],"about":[{"href":"https:\/\/www.sincomam.org.br\/index.php\/wp-json\/wp\/v2\/types\/post"}],"author":[{"embeddable":true,"href":"https:\/\/www.sincomam.org.br\/index.php\/wp-json\/wp\/v2\/users\/1527"}],"replies":[{"embeddable":true,"href":"https:\/\/www.sincomam.org.br\/index.php\/wp-json\/wp\/v2\/comments?post=60440"}],"version-history":[{"count":1,"href":"https:\/\/www.sincomam.org.br\/index.php\/wp-json\/wp\/v2\/posts\/60440\/revisions"}],"predecessor-version":[{"id":60442,"href":"https:\/\/www.sincomam.org.br\/index.php\/wp-json\/wp\/v2\/posts\/60440\/revisions\/60442"}],"wp:featuredmedia":[{"embeddable":true,"href":"https:\/\/www.sincomam.org.br\/index.php\/wp-json\/wp\/v2\/media\/60441"}],"wp:attachment":[{"href":"https:\/\/www.sincomam.org.br\/index.php\/wp-json\/wp\/v2\/media?parent=60440"}],"wp:term":[{"taxonomy":"category","embeddable":true,"href":"https:\/\/www.sincomam.org.br\/index.php\/wp-json\/wp\/v2\/categories?post=60440"},{"taxonomy":"post_tag","embeddable":true,"href":"https:\/\/www.sincomam.org.br\/index.php\/wp-json\/wp\/v2\/tags?post=60440"}],"curies":[{"name":"wp","href":"https:\/\/api.w.org\/{rel}","templated":true}]}}