{"id":60434,"date":"2025-07-25T10:38:53","date_gmt":"2025-07-25T13:38:53","guid":{"rendered":"https:\/\/www.sincomam.org.br\/?p=60434"},"modified":"2025-07-25T10:38:53","modified_gmt":"2025-07-25T13:38:53","slug":"porto-do-itaqui-recebe-assembleia-itinerante-da-abeph-e-planeja-crescimento-em-conjunto-com-os-principais-portos-do-brasil","status":"publish","type":"post","link":"https:\/\/www.sincomam.org.br\/index.php\/porto-do-itaqui-recebe-assembleia-itinerante-da-abeph-e-planeja-crescimento-em-conjunto-com-os-principais-portos-do-brasil\/","title":{"rendered":"Porto do Itaqui recebe assembleia itinerante da ABEPH e planeja crescimento em conjunto com os principais portos do Brasil"},"content":{"rendered":"<p>Com o objetivo de promover articula\u00e7\u00e3o entre os principais portos do Brasil, o Porto do Itaqui sediou a 2\u00aa assembleia geral itinerante da Associa\u00e7\u00e3o Brasileira das Entidades Portu\u00e1rias e Hidrovi\u00e1rias (ABEPH).<\/p>\n<p>O evento, ocorrido nos dias 23 e 24 de julho, reuniu autoridades portu\u00e1rias de diferentes regi\u00f5es do pa\u00eds, representantes do Minist\u00e9rio de Portos e Aeroportos (MPor), da Ag\u00eancia Nacional de Transportes Aquavi\u00e1rios (Antaq), al\u00e9m de empresas e especialistas do setor, consolidando o Itaqui como refer\u00eancia nacional em inova\u00e7\u00e3o, sustentabilidade e gest\u00e3o p\u00fablica portu\u00e1ria.<\/p>\n<p>Focada no fortalecimento da articula\u00e7\u00e3o institucional entre os portos p\u00fablicos brasileiros, a assembleia promove a troca de experi\u00eancias e o debate sobre temas estrat\u00e9gicos como reforma tribut\u00e1ria, efici\u00eancia nas licita\u00e7\u00f5es, inova\u00e7\u00e3o e pol\u00edticas de descarboniza\u00e7\u00e3o.<\/p>\n<p>\u201cEste \u00e9 um momento importante de troca, aprendizado e fortalecimento da gest\u00e3o portu\u00e1ria nacional. Seguimos firmes no compromisso com a efici\u00eancia, a inova\u00e7\u00e3o e o desenvolvimento sustent\u00e1vel\u201d, destacou a presidente em exerc\u00edcio do Porto do Itaqui, Isa Mary Mendon\u00e7a.<\/p>\n<p>O primeiro dia de programa\u00e7\u00e3o contou com palestras t\u00e9cnicas e visitas \u00e0s instala\u00e7\u00f5es do porto. No segundo dia, o audit\u00f3rio da Empresa Maranhense de Administra\u00e7\u00e3o Portu\u00e1ria (Emap), gestora do Porto do Itaqui, recebeu apresenta\u00e7\u00f5es de empresas como HubLivre, Soloenge, Modal Consult e Oceanic Green Maritine, al\u00e9m de debates sobre hubs log\u00edsticos e marcos regulat\u00f3rios para licita\u00e7\u00f5es p\u00fablicas.<\/p>\n<p>\u201cEstamos muito felizes em realizar a 2\u00aa assembleia itinerante da ABEPH no Porto do Itaqui. Aqui, temos pautas em est\u00e1gio avan\u00e7ado, como a pol\u00edtica de descarboniza\u00e7\u00e3o e o uso de tecnologia. Promover esse encontro no Maranh\u00e3o \u00e9 colher boas pr\u00e1ticas e replic\u00e1-las nos demais portos do pa\u00eds\u201d, destacou Gilmara Tem\u00f3teo, diretora executiva da ABEPH.<\/p>\n<p><strong>Refer\u00eancia nacional<\/strong><\/p>\n<p>A assembleia itinerante da ABEPH permite que as autoridades portu\u00e1rias troquem experi\u00eancias sobre o que h\u00e1 de novo no setor e repliquem as atividades em seus respectivos portos. Nesta edi\u00e7\u00e3o, os representantes puderam conhecer melhor as pr\u00e1ticas desenvolvidas no Itaqui, reconhecido no cen\u00e1rio nacional por seus recordes de movimenta\u00e7\u00e3o, sustentabilidade e inova\u00e7\u00e3o.<\/p>\n<p>\u201cAl\u00e9m das discuss\u00f5es que precisamos realizar sobre a infraestrutura do pa\u00eds, n\u00f3s olhamos in loco para trocar experi\u00eancias e, consequentemente, aprofundar os bons exemplos para levar \u00e0s nossas localidades. Quando a gente faz esse olhar para a log\u00edstica nacional, o Porto do Itaqui tem a sua relev\u00e2ncia n\u00e3o s\u00f3 pelo volume de movimenta\u00e7\u00e3o que tem executado, mas pelos exemplos de inova\u00e7\u00e3o e sustentabilidade. Essa discuss\u00e3o no porto nos permite essa an\u00e1lise e conhecimento das experi\u00eancias proporcionadas aqui\u201d, explicou Cristiano Klinger, presidente da Portos RS.<\/p>\n<p>Para a chefe de gabinete da secretaria nacional de portos do Minist\u00e9rio de Portos e Aeroportos (MPor), Marina Cavalini Bail\u00e3o, \u201co papel fundamental da ABEPH \u00e9 fazer uma articula\u00e7\u00e3o com todas as autoridades portu\u00e1rias, fomentando a pol\u00edtica p\u00fablica e construindo solu\u00e7\u00f5es em conjunto. E o Porto do Itaqui \u00e9 uma refer\u00eancia para todos os outros portos, principalmente no que diz respeito ao desenvolvimento do capital humano\u201d.<\/p>\n<p>Participaram da assembleia o Porto do Itaqui, anfitri\u00e3o do evento, a Portos do Paran\u00e1, a Companhia Docas da Bahia (Codeba), o Porto de Itaja\u00ed, a Portos RS, o Porto de Suape, a Companhia Docas do Cear\u00e1, o Porto de Imbituba, o Porto de S\u00e3o Francisco do Sul, o Porto do Recife, a Companhia Docas de Santana e a Companhia Docas do Rio Grande do Norte (Codern).<\/p>\n<p>Fonte: Informativo dos Portos<\/p>\n","protected":false},"excerpt":{"rendered":"<p>Com o objetivo de promover articula\u00e7\u00e3o entre os principais portos do Brasil, o Porto do Itaqui sediou a 2\u00aa assembleia geral itinerante da Associa\u00e7\u00e3o Brasileira&#8230;<\/p>\n","protected":false},"author":1527,"featured_media":60435,"comment_status":"closed","ping_status":"closed","sticky":false,"template":"","format":"standard","meta":{"footnotes":""},"categories":[6],"tags":[],"class_list":["post-60434","post","type-post","status-publish","format-standard","has-post-thumbnail","hentry","category-noticias"],"_links":{"self":[{"href":"https:\/\/www.sincomam.org.br\/index.php\/wp-json\/wp\/v2\/posts\/60434","targetHints":{"allow":["GET"]}}],"collection":[{"href":"https:\/\/www.sincomam.org.br\/index.php\/wp-json\/wp\/v2\/posts"}],"about":[{"href":"https:\/\/www.sincomam.org.br\/index.php\/wp-json\/wp\/v2\/types\/post"}],"author":[{"embeddable":true,"href":"https:\/\/www.sincomam.org.br\/index.php\/wp-json\/wp\/v2\/users\/1527"}],"replies":[{"embeddable":true,"href":"https:\/\/www.sincomam.org.br\/index.php\/wp-json\/wp\/v2\/comments?post=60434"}],"version-history":[{"count":1,"href":"https:\/\/www.sincomam.org.br\/index.php\/wp-json\/wp\/v2\/posts\/60434\/revisions"}],"predecessor-version":[{"id":60436,"href":"https:\/\/www.sincomam.org.br\/index.php\/wp-json\/wp\/v2\/posts\/60434\/revisions\/60436"}],"wp:featuredmedia":[{"embeddable":true,"href":"https:\/\/www.sincomam.org.br\/index.php\/wp-json\/wp\/v2\/media\/60435"}],"wp:attachment":[{"href":"https:\/\/www.sincomam.org.br\/index.php\/wp-json\/wp\/v2\/media?parent=60434"}],"wp:term":[{"taxonomy":"category","embeddable":true,"href":"https:\/\/www.sincomam.org.br\/index.php\/wp-json\/wp\/v2\/categories?post=60434"},{"taxonomy":"post_tag","embeddable":true,"href":"https:\/\/www.sincomam.org.br\/index.php\/wp-json\/wp\/v2\/tags?post=60434"}],"curies":[{"name":"wp","href":"https:\/\/api.w.org\/{rel}","templated":true}]}}