{"id":60428,"date":"2025-07-25T10:35:38","date_gmt":"2025-07-25T13:35:38","guid":{"rendered":"https:\/\/www.sincomam.org.br\/?p=60428"},"modified":"2025-07-25T10:35:38","modified_gmt":"2025-07-25T13:35:38","slug":"subsea7-e-saipem-anunciam-fusao-e-criacao-da-saipem-7","status":"publish","type":"post","link":"https:\/\/www.sincomam.org.br\/index.php\/subsea7-e-saipem-anunciam-fusao-e-criacao-da-saipem-7\/","title":{"rendered":"Subsea7 e Saipem anunciam fus\u00e3o e cria\u00e7\u00e3o da &#8216;Saipem 7&#8217;"},"content":{"rendered":"<p>A Saipem e a Subsea7 anunciaram, que firmaram um acordo de fus\u00e3o, confirmando memorando assinado no \u00faltimo dia 23 de fevereiro. Segundo comunicado das empresas, a nova companhia ser\u00e1 chamada &#8216;Saipem7&#8217; e ter\u00e1 receita estimada em 21 bilh\u00f5es de euros e EBITDA superior a 2 bilh\u00f5es de euros, com carteira de pedidos combinada de 43 bilh\u00f5es de euros. A conclus\u00e3o da fus\u00e3o \u00e9 prevista para o segundo semestre de 2026.<\/p>\n<p>Pelo acordo anunciado, o capital Saipem7, que ter\u00e1 sede em Mil\u00e3o, na It\u00e1lia, ser\u00e1 dividido em partes iguais, de 50%, pelos acionistas da Saipem e da Subsea7. Os que n\u00e3o quiseram participar da nova empresa ter\u00e3o suas participa\u00e7\u00f5es compradas. As a\u00e7\u00f5es ser\u00e3o negociadas nas bolsas da cidade italiana e na de Oslo, na Noruega.<\/p>\n<p>A nova empresa vai operar em mais de 60 pa\u00edses em servi\u00e7os offshore e onshore, incluindo perfura\u00e7\u00e3o, engenharia, constru\u00e7\u00e3o e outros servi\u00e7os. Al\u00e9m disso, contar\u00e1 com frota mais de 60 embarca\u00e7\u00f5es e quadro de colaboradores com 44.000 profissionais, incluindo mais de 9.000 engenheiros e gerentes de projeto, que atuam em opera\u00e7\u00f5es desde \u00e1guas rasas at\u00e9 ultraprofundas, em istala\u00e7\u00f5es de dutos r\u00edgidos de eleva\u00e7\u00e3o pesada, de tubos flex\u00edveis e umbilicais, de turbinas e\u00f3licas, de funda\u00e7\u00f5es e de cabos.<\/p>\n<p>fonte: Portos e Navios<\/p>\n","protected":false},"excerpt":{"rendered":"<p>A Saipem e a Subsea7 anunciaram, que firmaram um acordo de fus\u00e3o, confirmando memorando assinado no \u00faltimo dia 23 de fevereiro. Segundo comunicado das empresas,&#8230;<\/p>\n","protected":false},"author":1527,"featured_media":60429,"comment_status":"closed","ping_status":"closed","sticky":false,"template":"","format":"standard","meta":{"footnotes":""},"categories":[6],"tags":[],"class_list":["post-60428","post","type-post","status-publish","format-standard","has-post-thumbnail","hentry","category-noticias"],"_links":{"self":[{"href":"https:\/\/www.sincomam.org.br\/index.php\/wp-json\/wp\/v2\/posts\/60428","targetHints":{"allow":["GET"]}}],"collection":[{"href":"https:\/\/www.sincomam.org.br\/index.php\/wp-json\/wp\/v2\/posts"}],"about":[{"href":"https:\/\/www.sincomam.org.br\/index.php\/wp-json\/wp\/v2\/types\/post"}],"author":[{"embeddable":true,"href":"https:\/\/www.sincomam.org.br\/index.php\/wp-json\/wp\/v2\/users\/1527"}],"replies":[{"embeddable":true,"href":"https:\/\/www.sincomam.org.br\/index.php\/wp-json\/wp\/v2\/comments?post=60428"}],"version-history":[{"count":1,"href":"https:\/\/www.sincomam.org.br\/index.php\/wp-json\/wp\/v2\/posts\/60428\/revisions"}],"predecessor-version":[{"id":60430,"href":"https:\/\/www.sincomam.org.br\/index.php\/wp-json\/wp\/v2\/posts\/60428\/revisions\/60430"}],"wp:featuredmedia":[{"embeddable":true,"href":"https:\/\/www.sincomam.org.br\/index.php\/wp-json\/wp\/v2\/media\/60429"}],"wp:attachment":[{"href":"https:\/\/www.sincomam.org.br\/index.php\/wp-json\/wp\/v2\/media?parent=60428"}],"wp:term":[{"taxonomy":"category","embeddable":true,"href":"https:\/\/www.sincomam.org.br\/index.php\/wp-json\/wp\/v2\/categories?post=60428"},{"taxonomy":"post_tag","embeddable":true,"href":"https:\/\/www.sincomam.org.br\/index.php\/wp-json\/wp\/v2\/tags?post=60428"}],"curies":[{"name":"wp","href":"https:\/\/api.w.org\/{rel}","templated":true}]}}