{"id":60422,"date":"2025-07-25T10:28:13","date_gmt":"2025-07-25T13:28:13","guid":{"rendered":"https:\/\/www.sincomam.org.br\/?p=60422"},"modified":"2025-07-25T10:28:13","modified_gmt":"2025-07-25T13:28:13","slug":"fgts-deve-distribuir-cerca-de-r-13-bilhoes-do-lucro-de-2024-a-trabalhadores","status":"publish","type":"post","link":"https:\/\/www.sincomam.org.br\/index.php\/fgts-deve-distribuir-cerca-de-r-13-bilhoes-do-lucro-de-2024-a-trabalhadores\/","title":{"rendered":"FGTS deve distribuir cerca de R$ 13 bilh\u00f5es do lucro de 2024 a trabalhadores"},"content":{"rendered":"<p>O Conselho Curador do Fundo de Garantia por Tempo de Servi\u00e7o (FGTS) dever\u00e1 aprovar nesta quinta-feira (24) a distribui\u00e7\u00e3o de quase R$ 13 bilh\u00f5es aos trabalhadores relativos a parte dos lucros obtidos no ano passado.<\/p>\n<p>Pelas regras, a divis\u00e3o do lucro dever\u00e1 ser depositada at\u00e9 o fim de agosto.<\/p>\n<p>A reuni\u00e3o do conselho para aprovar a medida est\u00e1 marcada para \u00e0s 14h30 desta quinta.<\/p>\n<p>Todas as pessoas com contas (ativas ou inativas) vinculadas ao FGTS em 2024, com saldo em dezembro, ter\u00e3o direito a receber uma parcela dos lucros.<br \/>\nA divis\u00e3o \u00e9 proporcional ao saldo em cada conta. Quanto maior o saldo do trabalhador, mais ele ir\u00e1 receber de parte do lucro do FGTS.<\/p>\n<p>Segundo informa\u00e7\u00f5es obtidas pela TV Globo, o Conselho deve aprovar a divis\u00e3o de 95% do lucro de R$ 13,6 bilh\u00f5es obtido em 2024 . Ou seja, do total, R$ 12,9 bilh\u00f5es ser\u00e3o repassados aos trabalhadores.<\/p>\n<p>A consulta pode ser realizada no site da Caixa ou pelo aplicativo do FGTS no celular, a partir do cadastro do trabalhador.<\/p>\n<p><strong>Hist\u00f3rico<\/strong><br \/>\nEm 2024, o conselho do FGTS aprovou a distribui\u00e7\u00e3o de R$ 15,2 bilh\u00f5es aos trabalhadores relativos a parte do lucro registrado no ano anterior. A decis\u00e3o foi un\u00e2nime.<\/p>\n<p>Em 2023, o FGTS registrou um lucro recorde de R$ 23,4 bilh\u00f5es. Mas, pela proposta do Minist\u00e9rio do Trabalho, somente parte desse valor, cerca de 65%, foi destinado aos trabalhadores.<\/p>\n<p>Em 2023, 99% do saldo positivo de 2022 foi distribu\u00eddo, o equivalente a R$ 12,7 bilh\u00f5es.<\/p>\n<p>Fonte: G1<\/p>\n","protected":false},"excerpt":{"rendered":"<p>O Conselho Curador do Fundo de Garantia por Tempo de Servi\u00e7o (FGTS) dever\u00e1 aprovar nesta quinta-feira (24) a distribui\u00e7\u00e3o de quase R$ 13 bilh\u00f5es aos&#8230;<\/p>\n","protected":false},"author":1527,"featured_media":60326,"comment_status":"closed","ping_status":"closed","sticky":false,"template":"","format":"standard","meta":{"footnotes":""},"categories":[6],"tags":[],"class_list":["post-60422","post","type-post","status-publish","format-standard","has-post-thumbnail","hentry","category-noticias"],"_links":{"self":[{"href":"https:\/\/www.sincomam.org.br\/index.php\/wp-json\/wp\/v2\/posts\/60422","targetHints":{"allow":["GET"]}}],"collection":[{"href":"https:\/\/www.sincomam.org.br\/index.php\/wp-json\/wp\/v2\/posts"}],"about":[{"href":"https:\/\/www.sincomam.org.br\/index.php\/wp-json\/wp\/v2\/types\/post"}],"author":[{"embeddable":true,"href":"https:\/\/www.sincomam.org.br\/index.php\/wp-json\/wp\/v2\/users\/1527"}],"replies":[{"embeddable":true,"href":"https:\/\/www.sincomam.org.br\/index.php\/wp-json\/wp\/v2\/comments?post=60422"}],"version-history":[{"count":1,"href":"https:\/\/www.sincomam.org.br\/index.php\/wp-json\/wp\/v2\/posts\/60422\/revisions"}],"predecessor-version":[{"id":60423,"href":"https:\/\/www.sincomam.org.br\/index.php\/wp-json\/wp\/v2\/posts\/60422\/revisions\/60423"}],"wp:featuredmedia":[{"embeddable":true,"href":"https:\/\/www.sincomam.org.br\/index.php\/wp-json\/wp\/v2\/media\/60326"}],"wp:attachment":[{"href":"https:\/\/www.sincomam.org.br\/index.php\/wp-json\/wp\/v2\/media?parent=60422"}],"wp:term":[{"taxonomy":"category","embeddable":true,"href":"https:\/\/www.sincomam.org.br\/index.php\/wp-json\/wp\/v2\/categories?post=60422"},{"taxonomy":"post_tag","embeddable":true,"href":"https:\/\/www.sincomam.org.br\/index.php\/wp-json\/wp\/v2\/tags?post=60422"}],"curies":[{"name":"wp","href":"https:\/\/api.w.org\/{rel}","templated":true}]}}