{"id":60382,"date":"2025-07-23T09:31:00","date_gmt":"2025-07-23T12:31:00","guid":{"rendered":"https:\/\/www.sincomam.org.br\/?p=60382"},"modified":"2025-07-23T09:31:00","modified_gmt":"2025-07-23T12:31:00","slug":"marinha-finaliza-cinco-dias-de-operacao-com-desenvolvimento-de-novas-capacidades-da-esquadra","status":"publish","type":"post","link":"https:\/\/www.sincomam.org.br\/index.php\/marinha-finaliza-cinco-dias-de-operacao-com-desenvolvimento-de-novas-capacidades-da-esquadra\/","title":{"rendered":"Marinha finaliza cinco dias de opera\u00e7\u00e3o com desenvolvimento de novas capacidades da Esquadra"},"content":{"rendered":"<p>Ap\u00f3s cinco dias de intensas a\u00e7\u00f5es em alto-mar, a Marinha do Brasil (MB) finalizou a Opera\u00e7\u00e3o \u201cADEREX SUP-SUB &#8211; Lan\u00e7amento de Armas III \/ 2025\u201d, com um balan\u00e7o de mais de 40 atividades, que inclu\u00edram o uso de armamento real na \u00e1rea mar\u00edtima do estado do Rio de Janeiro, entre a Ilha Grande e Cabo Frio.A opera\u00e7\u00e3o foi realizada entre os dias 14 e 18 de julho, com o objetivo de elevar o n\u00edvel de prontid\u00e3o dos meios navais e aeronavais da Esquadra brasileira. Esses adestramentos de m\u00e9dia e alta complexidades buscaram ampliar a capacidade operativa da For\u00e7a.Entre os destaques est\u00e3o o emprego in\u00e9dito de Ve\u00edculos de Superf\u00edcie N\u00e3o Tripulados (VSNT) em conjunto com o Navio-Aer\u00f3dromo Multiprop\u00f3sito (NAM) \u201cAtl\u00e2ntico\u201d; e o uso de aeronaves remotamente pilotadas nas tarefas de Intelig\u00eancia, Vigil\u00e2ncia e Reconhecimento (IVR), em prol da defesa de infraestrutura cr\u00edtica do Poder Naval e na retomada de territ\u00f3rio ocupado, por meio de opera\u00e7\u00f5es especiais e anf\u00edbias com a simula\u00e7\u00e3o de apoio de fogo naval a partir dos navios.<\/p>\n<p>A opera\u00e7\u00e3o ainda contou com o lan\u00e7amento de dois torpedos com cabe\u00e7as de combate em alvo submarino, lan\u00e7amentos de m\u00edsseis e tiros de canh\u00e3o de 4.5\u201d sobre alvo de superf\u00edcie, tiros com canh\u00f5es de 40 mm sobre granadas iluminativas e tiros t\u00e1ticos e de sniper (tiro de precis\u00e3o) por Mergulhadores de Combate.<\/p>\n<p>O uso in\u00e9dito do Ve\u00edculo de Superf\u00edcie N\u00e3o Tripulado com o NAM \u201cAtl\u00e2ntico\u201dDurante a \u201cADEREX\u201d, a Marinha do Brasil registrou um marco: o uso de um Ve\u00edculo de Superf\u00edcie N\u00e3o Tripulado (VSNT), utilizado de forma in\u00e9dita a partir de navio da Esquadra. O equipamento operou de forma integrada a partir do Centro de Comando e Controle do NAM \u201cAtl\u00e2ntico\u201d.O evento eleva a capacidade da For\u00e7a em operar sistemas n\u00e3o tripulados de forma integrada, o que reflete diretamente no aumento da capacidade da For\u00e7a Naval nas opera\u00e7\u00f5es de IVR. Para o Comandante em Chefe da Esquadra, Vice-Almirante Antonio Carlos Cambra, uma resposta r\u00e1pida e eficaz contra determinadas amea\u00e7as pressup\u00f5e o emprego do Poder Naval.<\/p>\n<p>Outros pontos foram fundamentais para o resultado satisfat\u00f3rio da opera\u00e7\u00e3o. O primeiro deles foi o in\u00edcio da campanha de qualifica\u00e7\u00e3o dos pilotos do 1\u00ba Esquadr\u00e3o de Helic\u00f3pteros de Ataque (EsqdHA-1) para a realiza\u00e7\u00e3o dos pousos noturnos dos helicopt\u00e9ros AH-11B &#8211; \u201cSuper Lynx\u201d a bordo de navios, no mar, com emprego de \u00f3culos de vis\u00e3o noturna. O emprego amplia a seguran\u00e7a e a efici\u00eancia das opera\u00e7\u00f5es a\u00e9reas noturnas.<\/p>\n<p>J\u00e1 o segundo incremento foi o uso de aeronaves remotamente pilotadas integradas aos navios da Esquadra para ampliar a capacidade da For\u00e7a Naval. Para aprimorar as opera\u00e7\u00f5es de esclarecimento, a aeronave \u201cScanEagle\u201d (RQ-1) decolou da Base A\u00e9rea Naval de S\u00e3o Pedro da Aldeia (RJ) apoiando os meios navais a partir da transmiss\u00e3o de informa\u00e7\u00f5es em tempo real.Foram empregadas, adicionalmente, seis aeronaves remotamente pilotadas do Batalh\u00e3o de Combate A\u00e9reo da For\u00e7a de Fuzileiros da Esquadra a bordo do Navio Aer\u00f3dromo Multiprop\u00f3sito \u201cAtl\u00e2ntico\u201d e do Navio Doca Multiprop\u00f3sito \u201cBahia\u201d, em tarefas como a avalia\u00e7\u00e3o de danos decorrentes dos engajamentos reais e controle do movimento navio-terra de viaturas anf\u00edbias.<\/p>\n<p>Fonte: Ag\u00eancia Marinha de Not\u00edcias<\/p>\n","protected":false},"excerpt":{"rendered":"<p>Ap\u00f3s cinco dias de intensas a\u00e7\u00f5es em alto-mar, a Marinha do Brasil (MB) finalizou a Opera\u00e7\u00e3o \u201cADEREX SUP-SUB &#8211; Lan\u00e7amento de Armas III \/ 2025\u201d,&#8230;<\/p>\n","protected":false},"author":1527,"featured_media":60383,"comment_status":"closed","ping_status":"closed","sticky":false,"template":"","format":"standard","meta":{"footnotes":""},"categories":[6],"tags":[],"class_list":["post-60382","post","type-post","status-publish","format-standard","has-post-thumbnail","hentry","category-noticias"],"_links":{"self":[{"href":"https:\/\/www.sincomam.org.br\/index.php\/wp-json\/wp\/v2\/posts\/60382","targetHints":{"allow":["GET"]}}],"collection":[{"href":"https:\/\/www.sincomam.org.br\/index.php\/wp-json\/wp\/v2\/posts"}],"about":[{"href":"https:\/\/www.sincomam.org.br\/index.php\/wp-json\/wp\/v2\/types\/post"}],"author":[{"embeddable":true,"href":"https:\/\/www.sincomam.org.br\/index.php\/wp-json\/wp\/v2\/users\/1527"}],"replies":[{"embeddable":true,"href":"https:\/\/www.sincomam.org.br\/index.php\/wp-json\/wp\/v2\/comments?post=60382"}],"version-history":[{"count":1,"href":"https:\/\/www.sincomam.org.br\/index.php\/wp-json\/wp\/v2\/posts\/60382\/revisions"}],"predecessor-version":[{"id":60384,"href":"https:\/\/www.sincomam.org.br\/index.php\/wp-json\/wp\/v2\/posts\/60382\/revisions\/60384"}],"wp:featuredmedia":[{"embeddable":true,"href":"https:\/\/www.sincomam.org.br\/index.php\/wp-json\/wp\/v2\/media\/60383"}],"wp:attachment":[{"href":"https:\/\/www.sincomam.org.br\/index.php\/wp-json\/wp\/v2\/media?parent=60382"}],"wp:term":[{"taxonomy":"category","embeddable":true,"href":"https:\/\/www.sincomam.org.br\/index.php\/wp-json\/wp\/v2\/categories?post=60382"},{"taxonomy":"post_tag","embeddable":true,"href":"https:\/\/www.sincomam.org.br\/index.php\/wp-json\/wp\/v2\/tags?post=60382"}],"curies":[{"name":"wp","href":"https:\/\/api.w.org\/{rel}","templated":true}]}}