{"id":60354,"date":"2025-07-22T09:42:07","date_gmt":"2025-07-22T12:42:07","guid":{"rendered":"https:\/\/www.sincomam.org.br\/?p=60354"},"modified":"2025-07-22T09:42:07","modified_gmt":"2025-07-22T12:42:07","slug":"antaq-aprova-contribuicoes-de-audiencia-sobre-arrendamento-de-terminal-para-minerios-em-natal","status":"publish","type":"post","link":"https:\/\/www.sincomam.org.br\/index.php\/antaq-aprova-contribuicoes-de-audiencia-sobre-arrendamento-de-terminal-para-minerios-em-natal\/","title":{"rendered":"Antaq aprova contribui\u00e7\u00f5es de audi\u00eancia sobre arrendamento de terminal para min\u00e9rios em Natal"},"content":{"rendered":"<p>A Ag\u00eancia Nacional de Transportes Aquavi\u00e1rios (Antaq) aprovou nesta segunda-feira (21 de julho) a an\u00e1lise das contribui\u00e7\u00f5es da audi\u00eancia p\u00fablica 01\/2025 sobre o aprimoramento dos documentos t\u00e9cnicos e jur\u00eddicos relativos \u00e0 realiza\u00e7\u00e3o de licita\u00e7\u00e3o para o arrendamento do terminal NAT01. A \u00e1rea, localizada no Porto de Natal, no Rio Grande do Norte, \u00e9 destinada \u00e0 movimenta\u00e7\u00e3o e armazenagem de gran\u00e9is s\u00f3lidos minerais, especialmente min\u00e9rio de ferro. O prazo do arrendamento definido no projeto \u00e9 de 15 anos, com possibilidade de prorroga\u00e7\u00e3o.<\/p>\n<p>O projeto, aprovado em reuni\u00e3o virtual na semana passada, ser\u00e1 encaminhado ao Minist\u00e9rio de Portos e Aeroportos (MPor) e depois seguir\u00e1 para a an\u00e1lise do Tribunal de Contas da Uni\u00e3o (TCU).<\/p>\n<p>No per\u00edodo de audi\u00eancia p\u00fablica, de fevereiro a abril, foram recebidas 34 contribui\u00e7\u00f5es, e a sess\u00e3o p\u00fablica foi realizada em 25 de mar\u00e7o de 2025. Dentre as sugest\u00f5es que foram acolhidas, destacam-se o ajuste na poligonal da \u00e1rea de 20.251,32 m\u00b2 para 20.368,15 m\u00b2 e a aquisi\u00e7\u00e3o de uma m\u00e1quina varredeira para o terminal. Todas as contribui\u00e7\u00f5es recebidas e mudan\u00e7as feitas no projeto est\u00e3o dispon\u00edveis no site da ag\u00eancia reguladora.<\/p>\n<p>Fonte: Portos e Navios<\/p>\n","protected":false},"excerpt":{"rendered":"<p>A Ag\u00eancia Nacional de Transportes Aquavi\u00e1rios (Antaq) aprovou nesta segunda-feira (21 de julho) a an\u00e1lise das contribui\u00e7\u00f5es da audi\u00eancia p\u00fablica 01\/2025 sobre o aprimoramento dos&#8230;<\/p>\n","protected":false},"author":1527,"featured_media":60355,"comment_status":"closed","ping_status":"closed","sticky":false,"template":"","format":"standard","meta":{"footnotes":""},"categories":[6],"tags":[],"class_list":["post-60354","post","type-post","status-publish","format-standard","has-post-thumbnail","hentry","category-noticias"],"_links":{"self":[{"href":"https:\/\/www.sincomam.org.br\/index.php\/wp-json\/wp\/v2\/posts\/60354","targetHints":{"allow":["GET"]}}],"collection":[{"href":"https:\/\/www.sincomam.org.br\/index.php\/wp-json\/wp\/v2\/posts"}],"about":[{"href":"https:\/\/www.sincomam.org.br\/index.php\/wp-json\/wp\/v2\/types\/post"}],"author":[{"embeddable":true,"href":"https:\/\/www.sincomam.org.br\/index.php\/wp-json\/wp\/v2\/users\/1527"}],"replies":[{"embeddable":true,"href":"https:\/\/www.sincomam.org.br\/index.php\/wp-json\/wp\/v2\/comments?post=60354"}],"version-history":[{"count":1,"href":"https:\/\/www.sincomam.org.br\/index.php\/wp-json\/wp\/v2\/posts\/60354\/revisions"}],"predecessor-version":[{"id":60356,"href":"https:\/\/www.sincomam.org.br\/index.php\/wp-json\/wp\/v2\/posts\/60354\/revisions\/60356"}],"wp:featuredmedia":[{"embeddable":true,"href":"https:\/\/www.sincomam.org.br\/index.php\/wp-json\/wp\/v2\/media\/60355"}],"wp:attachment":[{"href":"https:\/\/www.sincomam.org.br\/index.php\/wp-json\/wp\/v2\/media?parent=60354"}],"wp:term":[{"taxonomy":"category","embeddable":true,"href":"https:\/\/www.sincomam.org.br\/index.php\/wp-json\/wp\/v2\/categories?post=60354"},{"taxonomy":"post_tag","embeddable":true,"href":"https:\/\/www.sincomam.org.br\/index.php\/wp-json\/wp\/v2\/tags?post=60354"}],"curies":[{"name":"wp","href":"https:\/\/api.w.org\/{rel}","templated":true}]}}