{"id":60348,"date":"2025-07-21T09:48:24","date_gmt":"2025-07-21T12:48:24","guid":{"rendered":"https:\/\/www.sincomam.org.br\/?p=60348"},"modified":"2025-07-21T09:48:24","modified_gmt":"2025-07-21T12:48:24","slug":"portos-do-sudeste-recebem-mais-de-r-15-bilhao-para-modernizacao-portuaria","status":"publish","type":"post","link":"https:\/\/www.sincomam.org.br\/index.php\/portos-do-sudeste-recebem-mais-de-r-15-bilhao-para-modernizacao-portuaria\/","title":{"rendered":"Portos do Sudeste recebem mais de R$ 1,5 bilh\u00e3o para moderniza\u00e7\u00e3o portu\u00e1ria"},"content":{"rendered":"<p>O Minist\u00e9rio de Portos e Aeroportos autorizou investimentos de mais de R$ 1,5 bilh\u00e3o de recursos privados para projetos de moderniza\u00e7\u00e3o de portos em S\u00e3o Jo\u00e3o da Barra (RJ) e em Santos (SP). As autoriza\u00e7\u00f5es fazem parte de um pacote nacional, lan\u00e7ado no in\u00edcio deste m\u00eas pelo ministro Silvio Costa Filho, que totaliza, apenas nesta fase, R$ 4,7 bilh\u00f5es em investimentos do setor produtivo para modernizar a infraestrutura portu\u00e1ria em v\u00e1rias regi\u00f5es do Brasil.<\/p>\n<p>O Terminal de Combust\u00edveis Mar\u00edtimos do A\u00e7u (Tecma), na cidade de S\u00e3o Jo\u00e3o da Barra (RJ), receber\u00e1 R$ 275,3 milh\u00f5es para amplia\u00e7\u00e3o de sua capacidade de movimenta\u00e7\u00e3o de gran\u00e9is l\u00edquidos. O investimento, que representa o primeiro termo de apostilamento do terminal, expandir\u00e1 a infraestrutura dedicada para importa\u00e7\u00e3o e comercializa\u00e7\u00e3o de combust\u00edveis mar\u00edtimos.<\/p>\n<p>O Tecma possui flexibilidade operacional para entregar combust\u00edvel mar\u00edtimo MGO (\u00f3leo diesel mar\u00edtimo) tanto no Porto do A\u00e7u quanto offshore, diretamente \u00e0s plataformas petrol\u00edferas, posicionando o terminal como hub estrat\u00e9gico para abastecimento de embarca\u00e7\u00f5es e opera\u00e7\u00f5es mar\u00edtimas.<\/p>\n<p>J\u00e1 no Porto de Santos (SP), o maior da Am\u00e9rica Latina, o investimento autorizado chega a R$ 1,24 bilh\u00e3o e ser\u00e1 direcionado \u00e0 moderniza\u00e7\u00e3o da estrutura voltada ao transporte de passageiros. O \u201cProjeto Santos + Vivo\u201d prev\u00ea a constru\u00e7\u00e3o de um novo terminal de cruzeiros na Ponta da Praia, com uma \u00e1rea de 294 mil metros quadrados, ampliando a capacidade de atendimento ao turismo mar\u00edtimo e fomentando a economia local.<\/p>\n<p><strong>Terminais de uso privado<\/strong><br \/>\nDurante a cerim\u00f4nia de assinatura de novas autoriza\u00e7\u00f5es portu\u00e1rias, realizada no dia 9 de junho, o ministro Silvio Costa Filho refor\u00e7ou o papel estrat\u00e9gico dessas autoriza\u00e7\u00f5es. \u201cAl\u00e9m dos R$ 4,7 bilh\u00f5es de recursos movimentados com as autoriza\u00e7\u00f5es assinadas nesta solenidade, at\u00e9 o final do ano devem ser autorizados projetos no valor de mais de R$ 5 bilh\u00f5es; ou seja, a autoriza\u00e7\u00e3o de contratos destinando mais de R$ 10 bilh\u00f5es para o setor portu\u00e1rio\u201d, destacou.<\/p>\n<p>J\u00e1 o secret\u00e1rio Nacional de Portos, Alex \u00c1vila, ressaltou que os investimentos privados v\u00eam mostrando a for\u00e7a do modelo portu\u00e1rio brasileiro e o papel complementar entre portos p\u00fablicos e privados. \u201cAo contr\u00e1rio do que j\u00e1 se pensou, n\u00e3o h\u00e1 uma disputa entre portos p\u00fablicos e portos privados, mas sim iniciativas que se complementam. Quando se olha para a matriz de movimenta\u00e7\u00e3o de carga do nosso pa\u00eds, v\u00ea-se que 65% das nossas movimenta\u00e7\u00f5es s\u00e3o realizadas nos terminais de uso privativo, o que mostra essa dimens\u00e3o e essa import\u00e2ncia\u201d, disse.<\/p>\n<p><strong>Mais investimento no Sudeste<\/strong><br \/>\nO Sudeste tamb\u00e9m avan\u00e7a em outras frentes de moderniza\u00e7\u00e3o portu\u00e1ria. Em fevereiro deste ano, os governos Federal e do Estado de S\u00e3o Paulo assinaram a prorroga\u00e7\u00e3o da delega\u00e7\u00e3o do Porto de S\u00e3o Sebasti\u00e3o, estendendo sua opera\u00e7\u00e3o at\u00e9 2057. O objetivo, segundo o ministro Silvio Costa Filho, \u00e9 viabilizar um grande projeto para transformar S\u00e3o Sebasti\u00e3o em um hub log\u00edstico de opera\u00e7\u00f5es de cont\u00eaineres, refor\u00e7ando o papel estrat\u00e9gico da regi\u00e3o no desenvolvimento econ\u00f4mico nacional.<\/p>\n<p>Fonte: Informativo dos Portos<\/p>\n","protected":false},"excerpt":{"rendered":"<p>O Minist\u00e9rio de Portos e Aeroportos autorizou investimentos de mais de R$ 1,5 bilh\u00e3o de recursos privados para projetos de moderniza\u00e7\u00e3o de portos em S\u00e3o&#8230;<\/p>\n","protected":false},"author":1527,"featured_media":60349,"comment_status":"closed","ping_status":"closed","sticky":false,"template":"","format":"standard","meta":{"footnotes":""},"categories":[6],"tags":[],"class_list":["post-60348","post","type-post","status-publish","format-standard","has-post-thumbnail","hentry","category-noticias"],"_links":{"self":[{"href":"https:\/\/www.sincomam.org.br\/index.php\/wp-json\/wp\/v2\/posts\/60348","targetHints":{"allow":["GET"]}}],"collection":[{"href":"https:\/\/www.sincomam.org.br\/index.php\/wp-json\/wp\/v2\/posts"}],"about":[{"href":"https:\/\/www.sincomam.org.br\/index.php\/wp-json\/wp\/v2\/types\/post"}],"author":[{"embeddable":true,"href":"https:\/\/www.sincomam.org.br\/index.php\/wp-json\/wp\/v2\/users\/1527"}],"replies":[{"embeddable":true,"href":"https:\/\/www.sincomam.org.br\/index.php\/wp-json\/wp\/v2\/comments?post=60348"}],"version-history":[{"count":1,"href":"https:\/\/www.sincomam.org.br\/index.php\/wp-json\/wp\/v2\/posts\/60348\/revisions"}],"predecessor-version":[{"id":60350,"href":"https:\/\/www.sincomam.org.br\/index.php\/wp-json\/wp\/v2\/posts\/60348\/revisions\/60350"}],"wp:featuredmedia":[{"embeddable":true,"href":"https:\/\/www.sincomam.org.br\/index.php\/wp-json\/wp\/v2\/media\/60349"}],"wp:attachment":[{"href":"https:\/\/www.sincomam.org.br\/index.php\/wp-json\/wp\/v2\/media?parent=60348"}],"wp:term":[{"taxonomy":"category","embeddable":true,"href":"https:\/\/www.sincomam.org.br\/index.php\/wp-json\/wp\/v2\/categories?post=60348"},{"taxonomy":"post_tag","embeddable":true,"href":"https:\/\/www.sincomam.org.br\/index.php\/wp-json\/wp\/v2\/tags?post=60348"}],"curies":[{"name":"wp","href":"https:\/\/api.w.org\/{rel}","templated":true}]}}