{"id":6032,"date":"2014-06-11T08:39:01","date_gmt":"2014-06-11T11:39:01","guid":{"rendered":"http:\/\/www.sincomam.org.br\/?p=6032"},"modified":"2014-06-10T23:39:27","modified_gmt":"2014-06-11T02:39:27","slug":"greve-em-porto-da-argentina-atrasa-126-navios-de-graos","status":"publish","type":"post","link":"https:\/\/www.sincomam.org.br\/index.php\/greve-em-porto-da-argentina-atrasa-126-navios-de-graos\/","title":{"rendered":"Greve em porto da Argentina atrasa 126 navios de gr\u00e3os"},"content":{"rendered":"<p><strong><em>Navios de gr\u00e3os n\u00e3o podem entrar ou sair dos terminais, disse nesta ter\u00e7a-feira a C\u00e2mara de Atividades Portu\u00e1rias e Mar\u00edtimas<\/em><\/strong><\/p>\n<p>A greve de um grupo de trabalhadores portu\u00e1rios iniciada esta semana na \u00e1rea do porto de Ros\u00e1rio, o maior polo de exporta\u00e7\u00e3o agr\u00edcola da Argentina, atrasou 126 navios de gr\u00e3os que n\u00e3o podem entrar ou sair dos terminais, disse nesta ter\u00e7a-feira a C\u00e2mara de Atividades Portu\u00e1rias e Mar\u00edtimas.<\/p>\n<p>O pa\u00eds sul-americano \u00e9 o maior exportador de farelo e \u00f3leo de soja e o terceiro exportador de soja em gr\u00e3os e milho. Cerca de 80 por cento das exporta\u00e7\u00f5es s\u00e3o embarcadas na regi\u00e3o de Ros\u00e1rio.<\/p>\n<p>&#8220;Os navios afetados s\u00e3o 126 neste momento&#8221;, disse William Wade, gerente da C\u00e2mara.<\/p>\n<p>De acordo com as \u00faltimas informa\u00e7\u00f5es, a greve, por melhores sal\u00e1rios, come\u00e7ou segunda-feira.<\/p>\n<p>Fonte: Nicolas Misculin, da Reuters<\/p>\n","protected":false},"excerpt":{"rendered":"<p>Navios de gr\u00e3os n\u00e3o podem entrar ou sair dos terminais, disse nesta ter\u00e7a-feira a C\u00e2mara de Atividades Portu\u00e1rias e Mar\u00edtimas A greve de um grupo&#8230;<\/p>\n","protected":false},"author":1182,"featured_media":6033,"comment_status":"closed","ping_status":"closed","sticky":false,"template":"","format":"standard","meta":{"footnotes":""},"categories":[6],"tags":[1371,244,69,1264,490],"class_list":["post-6032","post","type-post","status-publish","format-standard","has-post-thumbnail","hentry","category-noticias","tag-argentina","tag-greve","tag-portos","tag-prejuizo","tag-safra"],"_links":{"self":[{"href":"https:\/\/www.sincomam.org.br\/index.php\/wp-json\/wp\/v2\/posts\/6032","targetHints":{"allow":["GET"]}}],"collection":[{"href":"https:\/\/www.sincomam.org.br\/index.php\/wp-json\/wp\/v2\/posts"}],"about":[{"href":"https:\/\/www.sincomam.org.br\/index.php\/wp-json\/wp\/v2\/types\/post"}],"author":[{"embeddable":true,"href":"https:\/\/www.sincomam.org.br\/index.php\/wp-json\/wp\/v2\/users\/1182"}],"replies":[{"embeddable":true,"href":"https:\/\/www.sincomam.org.br\/index.php\/wp-json\/wp\/v2\/comments?post=6032"}],"version-history":[{"count":1,"href":"https:\/\/www.sincomam.org.br\/index.php\/wp-json\/wp\/v2\/posts\/6032\/revisions"}],"predecessor-version":[{"id":6034,"href":"https:\/\/www.sincomam.org.br\/index.php\/wp-json\/wp\/v2\/posts\/6032\/revisions\/6034"}],"wp:featuredmedia":[{"embeddable":true,"href":"https:\/\/www.sincomam.org.br\/index.php\/wp-json\/wp\/v2\/media\/6033"}],"wp:attachment":[{"href":"https:\/\/www.sincomam.org.br\/index.php\/wp-json\/wp\/v2\/media?parent=6032"}],"wp:term":[{"taxonomy":"category","embeddable":true,"href":"https:\/\/www.sincomam.org.br\/index.php\/wp-json\/wp\/v2\/categories?post=6032"},{"taxonomy":"post_tag","embeddable":true,"href":"https:\/\/www.sincomam.org.br\/index.php\/wp-json\/wp\/v2\/tags?post=6032"}],"curies":[{"name":"wp","href":"https:\/\/api.w.org\/{rel}","templated":true}]}}