{"id":60296,"date":"2025-07-17T07:22:21","date_gmt":"2025-07-17T10:22:21","guid":{"rendered":"https:\/\/www.sincomam.org.br\/?p=60296"},"modified":"2025-07-16T22:28:52","modified_gmt":"2025-07-17T01:28:52","slug":"portos-do-parana-moderniza-espaco-para-atendimento-e-resposta-a-emergencias","status":"publish","type":"post","link":"https:\/\/www.sincomam.org.br\/index.php\/portos-do-parana-moderniza-espaco-para-atendimento-e-resposta-a-emergencias\/","title":{"rendered":"Portos do Paran\u00e1 moderniza espa\u00e7o para atendimento e resposta \u00e0 emerg\u00eancias"},"content":{"rendered":"<p>O Centro de Prontid\u00e3o e Resposta a Emerg\u00eancia (CPRE) do Porto de Paranagu\u00e1 ser\u00e1 entregue nesta sexta-feira (11), em um evento que contar\u00e1 com a presen\u00e7a do secret\u00e1rio de Infraestrutura do Estado, Sandro Alex de Oliveira, e representantes da comunidade portu\u00e1ria. O CPRE traz uma s\u00e9rie de novos servi\u00e7os e equipamentos, para substituir o antigo Centro de Prote\u00e7\u00e3o Ambiental (CPA).<\/p>\n<p>\u201cEstamos sempre buscando novas metas, mais efici\u00eancia, e justamente por isso n\u00e3o podemos descuidar do meio ambiente e da seguran\u00e7a das pessoas que trabalham e passam pelo nosso porto todos os dias. Trabalhamos constantemente para evitar incidentes, por\u00e9m estaremos prontos caso ocorram\u201d, destaca o diretor-presidente Luiz Fernando Garcia.<\/p>\n<p>O pr\u00e9dio que abriga o CPRE foi constru\u00eddo em 2016 e conta com mais de 1.100 m\u00b2. O objetivo inicial era o de conter e amenizar danos de poss\u00edveis vazamentos de \u00f3leos e combust\u00edveis (hidrocarbonetos), tanto no mar como em terra.  Com a nova configura\u00e7\u00e3o, o Centro amplia significativamente sua atua\u00e7\u00e3o com capacidade para combater inc\u00eandios, vazamentos de combust\u00edveis, produtos qu\u00edmicos l\u00edquidos e gasosos, e resgate de animais, por exemplo.<\/p>\n<p>\u201cCom o crescimento da nossa movimenta\u00e7\u00e3o de cargas, tamb\u00e9m aumentaram e se diversificaram os tipos de ocorr\u00eancias que enfrentamos. Por isso, capacitar o pessoal e equipar o espa\u00e7o para o atendimento a diversas situa\u00e7\u00f5es significa um grande avan\u00e7o para o Paran\u00e1 na \u00e1rea ambiental e de seguran\u00e7a do trabalho\u201d, declarou o diretor de Meio Ambiente da Portos do Paran\u00e1, Jo\u00e3o Paulo Santana.<\/p>\n<p><strong>Estrutura robusta e novos equipamentos<\/strong><br \/>\nUm caminh\u00e3o Auto Bomba Tanque (ABT), de combate a inc\u00eandio, adquirido pela Portos do Paran\u00e1, \u00e9 uma das novidades. A viatura tem capacidade para 11.600 litros de \u00e1gua e 400 litros de L\u00edquido Gerador de Espuma (LGE), muito usado para combater chamas em l\u00edquidos inflam\u00e1veis. \u201cO ve\u00edculo tamb\u00e9m possui um canh\u00e3o monitor, com vaz\u00e3o de 3.785 litros de \u00e1gua por minuto, al\u00e9m do sistema que possibilita o uso de \u00e1gua do mar\u201d, explica o assessor especialista em Sa\u00fade e Seguran\u00e7a do Trabalho, Felipe Zacharias.<\/p>\n<p>Outros equipamentos foram adquiridos, como roupas especiais de prote\u00e7\u00e3o, para serem usadas em situa\u00e7\u00f5es que envolvam o vazamento de produtos qu\u00edmicos l\u00edquidos ou gasosos. O CPRE tamb\u00e9m mant\u00e9m uma s\u00e9rie de aparatos voltados para diversos tipos de ocorr\u00eancia, como barreiras de conten\u00e7\u00e3o, barreiras de absor\u00e7\u00e3o, recolhedores de \u00f3leo, tanques para armazenamento de l\u00edquidos, caminh\u00e3o para atendimento a emerg\u00eancias qu\u00edmicas, seis embarca\u00e7\u00f5es de v\u00e1rios tamanhos e outros ve\u00edculos, inclusive quadriciclo para deslocamento na areia (praia).<\/p>\n<p><strong>Capacita\u00e7\u00e3o e apoio interinstitucional<\/strong><br \/>\nO CPRE contar\u00e1 com bombeiros civis de prontid\u00e3o em tempo integral, al\u00e9m de respondedores de emerg\u00eancia que j\u00e1 atuam na Portos do Paran\u00e1. Os bombeiros ir\u00e3o coordenar os brigadistas e demais profissionais em campo diante de algum incidente.<\/p>\n<p>Jo\u00e3o Paulo Santana destaca que todas as equipes que v\u00e3o atuar no Centro receberam treinamento e, a partir de agora, coordenar\u00e3o simulados sincronizados com empresas que operam dentro do Porto de Paranagu\u00e1 e tamb\u00e9m com os \u00f3rg\u00e3os p\u00fablicos interessados. \u201cFaremos uma s\u00e9rie de atividades de campo, simulando diversas situa\u00e7\u00f5es poss\u00edveis para que mais pessoas estejam preparadas para agir diante de uma emerg\u00eancia\u201d, aponta.<\/p>\n<p>Outra novidade \u00e9 a cess\u00e3o de um espa\u00e7o para abrigar, dentro do CPRE, a sede do 6\u00ba N\u00facleo de Atua\u00e7\u00e3o Regional (NAR) que atua em todo o litoral do estado. O \u00f3rg\u00e3o \u00e9 ligado \u00e0 Coordenadoria Estadual de Defesa Civil do Paran\u00e1.<\/p>\n<p>O NAR tem como objetivo auxiliar, orientar e atribuir a\u00e7\u00f5es que devem ser adotadas pelas autoridades locais na gest\u00e3o de riscos. Isso inclui a preven\u00e7\u00e3o, a redu\u00e7\u00e3o de danos e prepara\u00e7\u00e3o para o enfrentamento de poss\u00edveis crises, ocasionados por algum desastre que pode ser natural ou provocado de forma acidental.<\/p>\n<p>\u201cPosso garantir que, no que diz respeito ao atendimento \u00e0 emerg\u00eancia, o Porto de Paranagu\u00e1 fornece uma condi\u00e7\u00e3o de primeiro mundo. Por\u00e9m, a preven\u00e7\u00e3o continua sendo o nosso principal trabalho dentro da Portos do Paran\u00e1, para evitar que emerg\u00eancias ocorram\u201d, finaliza Zacharias.<\/p>\n<p>Fonte: Informativo dos Portos<\/p>\n","protected":false},"excerpt":{"rendered":"<p>O Centro de Prontid\u00e3o e Resposta a Emerg\u00eancia (CPRE) do Porto de Paranagu\u00e1 ser\u00e1 entregue nesta sexta-feira (11), em um evento que contar\u00e1 com a&#8230;<\/p>\n","protected":false},"author":1527,"featured_media":60297,"comment_status":"closed","ping_status":"closed","sticky":false,"template":"","format":"standard","meta":{"footnotes":""},"categories":[6],"tags":[],"class_list":["post-60296","post","type-post","status-publish","format-standard","has-post-thumbnail","hentry","category-noticias"],"_links":{"self":[{"href":"https:\/\/www.sincomam.org.br\/index.php\/wp-json\/wp\/v2\/posts\/60296","targetHints":{"allow":["GET"]}}],"collection":[{"href":"https:\/\/www.sincomam.org.br\/index.php\/wp-json\/wp\/v2\/posts"}],"about":[{"href":"https:\/\/www.sincomam.org.br\/index.php\/wp-json\/wp\/v2\/types\/post"}],"author":[{"embeddable":true,"href":"https:\/\/www.sincomam.org.br\/index.php\/wp-json\/wp\/v2\/users\/1527"}],"replies":[{"embeddable":true,"href":"https:\/\/www.sincomam.org.br\/index.php\/wp-json\/wp\/v2\/comments?post=60296"}],"version-history":[{"count":1,"href":"https:\/\/www.sincomam.org.br\/index.php\/wp-json\/wp\/v2\/posts\/60296\/revisions"}],"predecessor-version":[{"id":60298,"href":"https:\/\/www.sincomam.org.br\/index.php\/wp-json\/wp\/v2\/posts\/60296\/revisions\/60298"}],"wp:featuredmedia":[{"embeddable":true,"href":"https:\/\/www.sincomam.org.br\/index.php\/wp-json\/wp\/v2\/media\/60297"}],"wp:attachment":[{"href":"https:\/\/www.sincomam.org.br\/index.php\/wp-json\/wp\/v2\/media?parent=60296"}],"wp:term":[{"taxonomy":"category","embeddable":true,"href":"https:\/\/www.sincomam.org.br\/index.php\/wp-json\/wp\/v2\/categories?post=60296"},{"taxonomy":"post_tag","embeddable":true,"href":"https:\/\/www.sincomam.org.br\/index.php\/wp-json\/wp\/v2\/tags?post=60296"}],"curies":[{"name":"wp","href":"https:\/\/api.w.org\/{rel}","templated":true}]}}