{"id":60292,"date":"2025-07-17T06:19:02","date_gmt":"2025-07-17T09:19:02","guid":{"rendered":"https:\/\/www.sincomam.org.br\/?p=60292"},"modified":"2025-07-16T22:22:10","modified_gmt":"2025-07-17T01:22:10","slug":"lula-sanciona-lei-que-amplia-uso-do-fundo-social-do-pre-sal","status":"publish","type":"post","link":"https:\/\/www.sincomam.org.br\/index.php\/lula-sanciona-lei-que-amplia-uso-do-fundo-social-do-pre-sal\/","title":{"rendered":"Lula sanciona lei que amplia uso do Fundo Social do Pr\u00e9-Sal"},"content":{"rendered":"<p>O presidente Lula sancionou a Lei 15.164, que permite que recursos do Fundo Social do Pr\u00e9-Sal sejam usados para financiar projetos de infraestrutura social, habita\u00e7\u00e3o popular e enfrentamento de calamidades p\u00fablicas. A nova regra j\u00e1 foi publicada na edi\u00e7\u00e3o do Di\u00e1rio Oficial da Uni\u00e3o.<\/p>\n<p>De acordo com a lei, a palavra do fundo tamb\u00e9m poder\u00e1 ser usada em projetos de desenvolvimento de infraestrutura h\u00eddrica, de seguran\u00e7a alimentar e nutricional e de defesa dos direitos e dos interesses dos povos ind\u00edgenas, al\u00e9m da gest\u00e3o do Sistema \u00danico de Assist\u00eancia Social (Suas).<\/p>\n<p>A nova lei ainda permite ao governo federal vender, por meio de leil\u00e3o, o excedente de produ\u00e7\u00e3o de petr\u00f3leo e g\u00e1s natural em \u00e1reas ainda n\u00e3o contratadas no pr\u00e9-sal. A parcela que poder\u00e1 ser vendida corresponder\u00e1 ao que caber\u00e1 \u00e0 Uni\u00e3o em blocos que ser\u00e3o futuramente licitados. Essa permiss\u00e3o estava no PL 2.632\/2025, do Poder Executivo, que teve seu conte\u00fado incorporado ao texto sancionado.<\/p>\n<p>O Fundo Social \u00e9 abastecido com recursos dos royalties do petr\u00f3leo. Antes da nova lei, os recursos s\u00f3 podiam ser aplicados em programas nas \u00e1reas de educa\u00e7\u00e3o, cultura, esporte, sa\u00fade p\u00fablica, ci\u00eancia e tecnologia, meio ambiente e adapta\u00e7\u00e3o \u00e0s clim\u00e1ticas.<\/p>\n<p>A nova regra tamb\u00e9m destina mais 5% dos recursos do fundo para educa\u00e7\u00e3o e sa\u00fade por cinco anos. A educa\u00e7\u00e3o j\u00e1 recebe 50% at\u00e9 que sejam cumpridas as metas do Plano Nacional da Educa\u00e7\u00e3o (PNE).<\/p>\n<p>A iniciativa ainda revoga 11 artigos da lei que criou o Fundo Social. Um dos dispositivos define os objetivos do fundo, como constituir poupan\u00e7a p\u00fablica de longo prazo para mitigar flutua\u00e7\u00f5es no pre\u00e7o do petr\u00f3leo, e outro anterior \u00e0 pol\u00edtica de investimentos do fundo.<\/p>\n<p>O texto aprovado pelo Congresso foi sancionado com dois vetos presidenciais. Um deles \u00e9 o que estabelece que, dos recursos de habita\u00e7\u00e3o, de programas e de projetos sobre seguran\u00e7a alimentar e nutricional, pelo menos 30% deveriam ser alocados no Nordeste, 15% no Norte e 10% no Centro-Oeste. <\/p>\n<p>Ao explicar o veto, a Presid\u00eancia da Rep\u00fablica argumentou que \u201ca defini\u00e7\u00e3o de regras regulamentares para a aplica\u00e7\u00e3o dos recursos do Fundo Social contraria o interesse p\u00fablico, pois reduz a efici\u00eancia alocativa\u201d.<\/p>\n<p>Outro trecho vetado \u00e9 o que determinou prazo de 120 dias, contados a partir da publica\u00e7\u00e3o da lei, para que a Lei Or\u00e7ament\u00e1ria Anual da Uni\u00e3o seja publicada j\u00e1 com a nova regra que destina mais 5% dos recursos do fundo para educa\u00e7\u00e3o e sa\u00fade.<\/p>\n<p>Para a Presid\u00eancia, o dispositivo incorreto em depend\u00eancia de inconstitucionalidade, \u201cpor viola\u00e7\u00e3o ao princ\u00edpio da separa\u00e7\u00e3o de Poderes, nos termos do disposto no art. 2\u00ba da Constitui\u00e7\u00e3o, tendo em vista a imposi\u00e7\u00e3o de prazo para edi\u00e7\u00e3o e aprova\u00e7\u00e3o da lei espec\u00edfica a que se refere o art. 6\u00ba, caput, do projeto de lei, comprometendo a autonomia do legislador e o devido processo legislativo\u201d.<\/p>\n<p>Al\u00e9m de ampliar o papel dos projetos financiados, a iniciativa altera os mecanismos de atua\u00e7\u00e3o do Conselho Deliberativo do Fundo Social (CDFS), que deve indicar no Or\u00e7amento da Uni\u00e3o quais \u00f3rg\u00e3os podem ser beneficiados com o dinheiro do Fundo Social e publicar informa\u00e7\u00f5es sobre todos os recursos recebidos e gastos. <\/p>\n<p>Com Ag\u00eancia Senado<\/p>\n<p>Fonte: Brasil Energia com Ag\u00eancia Senado<\/p>\n","protected":false},"excerpt":{"rendered":"<p>O presidente Lula sancionou a Lei 15.164, que permite que recursos do Fundo Social do Pr\u00e9-Sal sejam usados para financiar projetos de infraestrutura social, habita\u00e7\u00e3o&#8230;<\/p>\n","protected":false},"author":1527,"featured_media":60293,"comment_status":"closed","ping_status":"closed","sticky":false,"template":"","format":"standard","meta":{"footnotes":""},"categories":[6],"tags":[],"class_list":["post-60292","post","type-post","status-publish","format-standard","has-post-thumbnail","hentry","category-noticias"],"_links":{"self":[{"href":"https:\/\/www.sincomam.org.br\/index.php\/wp-json\/wp\/v2\/posts\/60292","targetHints":{"allow":["GET"]}}],"collection":[{"href":"https:\/\/www.sincomam.org.br\/index.php\/wp-json\/wp\/v2\/posts"}],"about":[{"href":"https:\/\/www.sincomam.org.br\/index.php\/wp-json\/wp\/v2\/types\/post"}],"author":[{"embeddable":true,"href":"https:\/\/www.sincomam.org.br\/index.php\/wp-json\/wp\/v2\/users\/1527"}],"replies":[{"embeddable":true,"href":"https:\/\/www.sincomam.org.br\/index.php\/wp-json\/wp\/v2\/comments?post=60292"}],"version-history":[{"count":2,"href":"https:\/\/www.sincomam.org.br\/index.php\/wp-json\/wp\/v2\/posts\/60292\/revisions"}],"predecessor-version":[{"id":60295,"href":"https:\/\/www.sincomam.org.br\/index.php\/wp-json\/wp\/v2\/posts\/60292\/revisions\/60295"}],"wp:featuredmedia":[{"embeddable":true,"href":"https:\/\/www.sincomam.org.br\/index.php\/wp-json\/wp\/v2\/media\/60293"}],"wp:attachment":[{"href":"https:\/\/www.sincomam.org.br\/index.php\/wp-json\/wp\/v2\/media?parent=60292"}],"wp:term":[{"taxonomy":"category","embeddable":true,"href":"https:\/\/www.sincomam.org.br\/index.php\/wp-json\/wp\/v2\/categories?post=60292"},{"taxonomy":"post_tag","embeddable":true,"href":"https:\/\/www.sincomam.org.br\/index.php\/wp-json\/wp\/v2\/tags?post=60292"}],"curies":[{"name":"wp","href":"https:\/\/api.w.org\/{rel}","templated":true}]}}