{"id":60289,"date":"2025-07-17T06:14:51","date_gmt":"2025-07-17T09:14:51","guid":{"rendered":"https:\/\/www.sincomam.org.br\/?p=60289"},"modified":"2025-07-16T22:18:57","modified_gmt":"2025-07-17T01:18:57","slug":"br-do-mar-preve-reducao-de-ate-60-nos-custos-de-cabotagem","status":"publish","type":"post","link":"https:\/\/www.sincomam.org.br\/index.php\/br-do-mar-preve-reducao-de-ate-60-nos-custos-de-cabotagem\/","title":{"rendered":"BR do Mar prev\u00ea redu\u00e7\u00e3o de at\u00e9 60% nos custos de cabotagem"},"content":{"rendered":"<p>O presidente Luiz In\u00e1cio Lula da Silva assinou, nesta quarta-feira (16), o decreto que regulamentou o Programa BR do Mar, que busca ampliar a cabotagem no pa\u00eds, reduzir custos log\u00edsticos e fomentar a ind\u00fastria naval brasileira. De acordo com o ministro de Portos e Aeroportos, Silvio Costa Filho, a redu\u00e7\u00e3o de custo do setor portu\u00e1rio deve ser de 20% a 60%.<\/p>\n<p>A navega\u00e7\u00e3o de cabotagem \u00e9 aquela realizada entre os portos do pa\u00eds, utilizando a via mar\u00edtima e as vias naveg\u00e1veis interiores. A lei que instituiu o Programa BR do Mar foi sancionada em janeiro de 2022.<\/p>\n<p>\u201cO programa vai fazer com que a gente possa utilizar o nosso mar, os nossos rios, mas sobretudo os 8 mil quil\u00f4metros do litoral brasileiro para transformar o litoral numa grande BR [rodovia], fazendo com que a gente amplie a cabotagem no Brasil, saindo de um volume de 1,2 milh\u00e3o de cont\u00eaineres para 2 milh\u00f5es de cont\u00eaineres em movimenta\u00e7\u00e3o\u201d, disse o ministro, em evento no Pal\u00e1cio do Planalto.<\/p>\n<p>Estava prevista a participa\u00e7\u00e3o do presidente Lula no evento, mas, diante da agenda intensa de reuni\u00f5es, ele n\u00e3o compareceu. O decreto, ent\u00e3o, foi assinado por Lula em despacho interno.<\/p>\n<p>Costa Filho afirmou que o governo tem um grande olhar para as concess\u00f5es portu\u00e1rias e deve realizar, em quatro anos, mais de 60 leil\u00f5es. Com isso, segundo ele, em 2024, o setor portu\u00e1rio cresceu quase 5% e os portos p\u00fablicos tiveram expans\u00e3o de 7%. No per\u00edodo, o setor de cont\u00eaineres teve um crescimento de mais de 18% no pa\u00eds.<\/p>\n<p>Para ele, a ind\u00fastria naval sair\u00e1 fortalecida, bem como a agenda log\u00edstica do pa\u00eds e o setor produtivo.<\/p>\n<p>\u201cNa hora que a gente tem esses novos modais de transportes consolidados, como a BR do Mar, e agora no segundo semestre vamos lan\u00e7ar a BR dos Rios, n\u00f3s estamos preparando essas novas rotas de integra\u00e7\u00e3o do Brasil, gerando competitividade e fortalecendo, sobretudo, quem produz no Brasil\u201d, disse, ao lembrar que 65% do transporte no Brasil \u00e9 feito por rodovias.<\/p>\n<p>Fonte: Ag\u00eancia Brasil<\/p>\n","protected":false},"excerpt":{"rendered":"<p>O presidente Luiz In\u00e1cio Lula da Silva assinou, nesta quarta-feira (16), o decreto que regulamentou o Programa BR do Mar, que busca ampliar a cabotagem&#8230;<\/p>\n","protected":false},"author":1527,"featured_media":60290,"comment_status":"closed","ping_status":"closed","sticky":false,"template":"","format":"standard","meta":{"footnotes":""},"categories":[6],"tags":[],"class_list":["post-60289","post","type-post","status-publish","format-standard","has-post-thumbnail","hentry","category-noticias"],"_links":{"self":[{"href":"https:\/\/www.sincomam.org.br\/index.php\/wp-json\/wp\/v2\/posts\/60289","targetHints":{"allow":["GET"]}}],"collection":[{"href":"https:\/\/www.sincomam.org.br\/index.php\/wp-json\/wp\/v2\/posts"}],"about":[{"href":"https:\/\/www.sincomam.org.br\/index.php\/wp-json\/wp\/v2\/types\/post"}],"author":[{"embeddable":true,"href":"https:\/\/www.sincomam.org.br\/index.php\/wp-json\/wp\/v2\/users\/1527"}],"replies":[{"embeddable":true,"href":"https:\/\/www.sincomam.org.br\/index.php\/wp-json\/wp\/v2\/comments?post=60289"}],"version-history":[{"count":1,"href":"https:\/\/www.sincomam.org.br\/index.php\/wp-json\/wp\/v2\/posts\/60289\/revisions"}],"predecessor-version":[{"id":60291,"href":"https:\/\/www.sincomam.org.br\/index.php\/wp-json\/wp\/v2\/posts\/60289\/revisions\/60291"}],"wp:featuredmedia":[{"embeddable":true,"href":"https:\/\/www.sincomam.org.br\/index.php\/wp-json\/wp\/v2\/media\/60290"}],"wp:attachment":[{"href":"https:\/\/www.sincomam.org.br\/index.php\/wp-json\/wp\/v2\/media?parent=60289"}],"wp:term":[{"taxonomy":"category","embeddable":true,"href":"https:\/\/www.sincomam.org.br\/index.php\/wp-json\/wp\/v2\/categories?post=60289"},{"taxonomy":"post_tag","embeddable":true,"href":"https:\/\/www.sincomam.org.br\/index.php\/wp-json\/wp\/v2\/tags?post=60289"}],"curies":[{"name":"wp","href":"https:\/\/api.w.org\/{rel}","templated":true}]}}