{"id":6027,"date":"2014-06-11T08:30:12","date_gmt":"2014-06-11T11:30:12","guid":{"rendered":"http:\/\/www.sincomam.org.br\/?p=6027"},"modified":"2014-06-10T23:22:37","modified_gmt":"2014-06-11T02:22:37","slug":"santos-brasil-implementa-duas-unidades-da-baixada-santista","status":"publish","type":"post","link":"https:\/\/www.sincomam.org.br\/index.php\/santos-brasil-implementa-duas-unidades-da-baixada-santista\/","title":{"rendered":"Santos Brasil implementa duas unidades da Baixada Santista"},"content":{"rendered":"<p><strong><em>Novos projetos ambientais t\u00eam foco na preserva\u00e7\u00e3o de recursos naturais e redu\u00e7\u00e3o do consumo de \u00e1gua<\/em><\/strong><\/p>\n<p>A Santos Brasil est\u00e1 implementando, em duas de suas unidades de neg\u00f3cios localizadas na Baixada Santista, novos projetos ambientais com foco na preserva\u00e7\u00e3o de recursos naturais e redu\u00e7\u00e3o do consumo de \u00e1gua. Lavagem a seco da frota, teto ecol\u00f3gico e melhorias na Esta\u00e7\u00e3o de Tratamento de Efluentes s\u00e3o iniciativas que fazem parte da Pol\u00edtica de Sustentabilidade da Companhia. O objetivo \u00e9 viabilizar o crescimento sustent\u00e1vel de suas atividades no Pa\u00eds.<\/p>\n<p>No Clia (Centro Log\u00edstico Industrial e Aduaneiro) Santos, est\u00e1 sendo aplicado o sistema de lavagem a seco da frota do Terminal de Transporte Rodovi\u00e1rio. S\u00e3o ao todo 122 caminh\u00f5es e 214 reboques, que passaram a ser higienizados com produtos biodegrad\u00e1veis, reduzindo o consumo de \u00e1gua, al\u00e9m de proporcionar ganhos de produtividade e agilidade do processo.<\/p>\n<p>No Tecon Santos \u00e9 a \u00e1rea de Manuten\u00e7\u00e3o que recentemente investiu na reutiliza\u00e7\u00e3o da \u00e1gua para redu\u00e7\u00e3o do consumo. Dois projetos distintos \u2013 a cobertura ecol\u00f3gica do teto da oficina e as melhorias da Esta\u00e7\u00e3o de Tratamento de Efluentes \u2013 utilizam \u00e1gua captada para lavagem e limpeza de maquin\u00e1rios e equipamentos de p\u00e1tio. Ambos est\u00e3o em fase de implementa\u00e7\u00e3o e dever\u00e3o entrar em pleno funcionamento at\u00e9 o segundo semestre.<\/p>\n<p>Fonte: Guia Mar\u00edtimo<\/p>\n","protected":false},"excerpt":{"rendered":"<p>Novos projetos ambientais t\u00eam foco na preserva\u00e7\u00e3o de recursos naturais e redu\u00e7\u00e3o do consumo de \u00e1gua A Santos Brasil est\u00e1 implementando, em duas de suas&#8230;<\/p>\n","protected":false},"author":1182,"featured_media":0,"comment_status":"closed","ping_status":"closed","sticky":false,"template":"","format":"standard","meta":{"footnotes":""},"categories":[6],"tags":[],"class_list":["post-6027","post","type-post","status-publish","format-standard","hentry","category-noticias"],"_links":{"self":[{"href":"https:\/\/www.sincomam.org.br\/index.php\/wp-json\/wp\/v2\/posts\/6027","targetHints":{"allow":["GET"]}}],"collection":[{"href":"https:\/\/www.sincomam.org.br\/index.php\/wp-json\/wp\/v2\/posts"}],"about":[{"href":"https:\/\/www.sincomam.org.br\/index.php\/wp-json\/wp\/v2\/types\/post"}],"author":[{"embeddable":true,"href":"https:\/\/www.sincomam.org.br\/index.php\/wp-json\/wp\/v2\/users\/1182"}],"replies":[{"embeddable":true,"href":"https:\/\/www.sincomam.org.br\/index.php\/wp-json\/wp\/v2\/comments?post=6027"}],"version-history":[{"count":1,"href":"https:\/\/www.sincomam.org.br\/index.php\/wp-json\/wp\/v2\/posts\/6027\/revisions"}],"predecessor-version":[{"id":6028,"href":"https:\/\/www.sincomam.org.br\/index.php\/wp-json\/wp\/v2\/posts\/6027\/revisions\/6028"}],"wp:attachment":[{"href":"https:\/\/www.sincomam.org.br\/index.php\/wp-json\/wp\/v2\/media?parent=6027"}],"wp:term":[{"taxonomy":"category","embeddable":true,"href":"https:\/\/www.sincomam.org.br\/index.php\/wp-json\/wp\/v2\/categories?post=6027"},{"taxonomy":"post_tag","embeddable":true,"href":"https:\/\/www.sincomam.org.br\/index.php\/wp-json\/wp\/v2\/tags?post=6027"}],"curies":[{"name":"wp","href":"https:\/\/api.w.org\/{rel}","templated":true}]}}