{"id":60265,"date":"2025-07-16T11:57:36","date_gmt":"2025-07-16T14:57:36","guid":{"rendered":"https:\/\/www.sincomam.org.br\/?p=60265"},"modified":"2025-07-16T11:57:36","modified_gmt":"2025-07-16T14:57:36","slug":"seenemar-articula-uso-de-navio-escola-da-uerj-no-programa-empregos-azuis","status":"publish","type":"post","link":"https:\/\/www.sincomam.org.br\/index.php\/seenemar-articula-uso-de-navio-escola-da-uerj-no-programa-empregos-azuis\/","title":{"rendered":"Seenemar articula uso de navio-escola da UERJ no Programa Empregos Azuis"},"content":{"rendered":"<p>Em uma manh\u00e3 de c\u00e9u aberto e mar tranquilo, o navio-escola da Faculdade de Oceanografia da UERJ recebeu visitas ilustres: o secret\u00e1rio de Energia e Economia do Mar, C\u00e1ssio Coelho, e o superintendente de Portos e Assuntos Nucleares, Jo\u00e3o Leal. A bordo, iniciou-se um di\u00e1logo promissor com o professor Marcos Bastos, que pode transformar a embarca\u00e7\u00e3o em plataforma de ensino e qualifica\u00e7\u00e3o profissional pelo Programa Empregos Azuis, uma das principais iniciativas da Seenemar.<\/p>\n<p><strong>Coopera\u00e7\u00e3o t\u00e9cnico-operacional: potencial do navio-escola da UERJ no treinamento mar\u00edtimo<\/strong><br \/>\nO navio-escola da UERJ, atualmente utilizado como laborat\u00f3rio flutuante pelos alunos de Oceanografia, possui infraestrutura ideal para atividades pr\u00e1ticas de forma\u00e7\u00e3o t\u00e9cnica em ci\u00eancias do mar, navega\u00e7\u00e3o, hidroac\u00fastica, coleta de amostras e meteorologia mar\u00edtima. Com a articula\u00e7\u00e3o da Seenemar, o navio poder\u00e1 ser adaptado para tamb\u00e9m atender a cursos voltados \u00e0 capacita\u00e7\u00e3o profissional no setor mar\u00edtimo.<\/p>\n<p>Segundo o professor Marcos Bastos, a embarca\u00e7\u00e3o pode operar como um \u201cmarco simb\u00f3lico e pr\u00e1tico\u201d da coopera\u00e7\u00e3o entre universidades e governo. \u201c\u00c9 uma chance de ampliar o papel da UERJ como agente ativo na forma\u00e7\u00e3o de talentos e m\u00e3o de obra qualificada para o mercado azul\u201d, afirmou.<\/p>\n<p><strong>Impacto social do Programa Empregos Azuis na juventude fluminense<\/strong><br \/>\nCriado para incentivar a qualifica\u00e7\u00e3o profissional no setor mar\u00edtimo, o Programa Empregos Azuis j\u00e1 viabilizou cursos t\u00e9cnicos, bolsas de estudo e parcerias com estaleiros e portos. A entrada do navio-escola da UERJ nas a\u00e7\u00f5es do programa promete ampliar o acesso de jovens de comunidades costeiras a experi\u00eancias pr\u00e1ticas embarcadas, aumentando sua empregabilidade.<\/p>\n<p>Fonte: Defesa em Foco<\/p>\n","protected":false},"excerpt":{"rendered":"<p>Em uma manh\u00e3 de c\u00e9u aberto e mar tranquilo, o navio-escola da Faculdade de Oceanografia da UERJ recebeu visitas ilustres: o secret\u00e1rio de Energia e&#8230;<\/p>\n","protected":false},"author":1527,"featured_media":60266,"comment_status":"closed","ping_status":"closed","sticky":false,"template":"","format":"standard","meta":{"footnotes":""},"categories":[6],"tags":[],"class_list":["post-60265","post","type-post","status-publish","format-standard","has-post-thumbnail","hentry","category-noticias"],"_links":{"self":[{"href":"https:\/\/www.sincomam.org.br\/index.php\/wp-json\/wp\/v2\/posts\/60265","targetHints":{"allow":["GET"]}}],"collection":[{"href":"https:\/\/www.sincomam.org.br\/index.php\/wp-json\/wp\/v2\/posts"}],"about":[{"href":"https:\/\/www.sincomam.org.br\/index.php\/wp-json\/wp\/v2\/types\/post"}],"author":[{"embeddable":true,"href":"https:\/\/www.sincomam.org.br\/index.php\/wp-json\/wp\/v2\/users\/1527"}],"replies":[{"embeddable":true,"href":"https:\/\/www.sincomam.org.br\/index.php\/wp-json\/wp\/v2\/comments?post=60265"}],"version-history":[{"count":1,"href":"https:\/\/www.sincomam.org.br\/index.php\/wp-json\/wp\/v2\/posts\/60265\/revisions"}],"predecessor-version":[{"id":60267,"href":"https:\/\/www.sincomam.org.br\/index.php\/wp-json\/wp\/v2\/posts\/60265\/revisions\/60267"}],"wp:featuredmedia":[{"embeddable":true,"href":"https:\/\/www.sincomam.org.br\/index.php\/wp-json\/wp\/v2\/media\/60266"}],"wp:attachment":[{"href":"https:\/\/www.sincomam.org.br\/index.php\/wp-json\/wp\/v2\/media?parent=60265"}],"wp:term":[{"taxonomy":"category","embeddable":true,"href":"https:\/\/www.sincomam.org.br\/index.php\/wp-json\/wp\/v2\/categories?post=60265"},{"taxonomy":"post_tag","embeddable":true,"href":"https:\/\/www.sincomam.org.br\/index.php\/wp-json\/wp\/v2\/tags?post=60265"}],"curies":[{"name":"wp","href":"https:\/\/api.w.org\/{rel}","templated":true}]}}