{"id":60261,"date":"2025-07-16T11:53:17","date_gmt":"2025-07-16T14:53:17","guid":{"rendered":"https:\/\/www.sincomam.org.br\/?p=60261"},"modified":"2025-07-16T11:54:17","modified_gmt":"2025-07-16T14:54:17","slug":"marinha-reforca-seguranca-na-baia-de-sepetiba-com-patrulha-noturna-2","status":"publish","type":"post","link":"https:\/\/www.sincomam.org.br\/index.php\/marinha-reforca-seguranca-na-baia-de-sepetiba-com-patrulha-noturna-2\/","title":{"rendered":"Marinha refor\u00e7a seguran\u00e7a na Ba\u00eda de Sepetiba com patrulha noturna"},"content":{"rendered":"<p>Sob o manto da noite, a Marinha do Brasil intensificou sua presen\u00e7a na Ba\u00eda de Sepetiba, \u00e1rea estrat\u00e9gica do litoral fluminense. Entre os dias 18 e 22 de junho, o Navio-Patrulha Maca\u00e9, o Aviso de Patrulha Marlim e a Delegacia da Capitania dos Portos em Itacuru\u00e7\u00e1 (DelItacuru\u00e7\u00e1) realizaram a\u00e7\u00f5es noturnas de patrulhamento e inspe\u00e7\u00e3o naval. O objetivo: refor\u00e7ar a seguran\u00e7a da navega\u00e7\u00e3o, proteger o meio ambiente marinho e garantir a salvaguarda da vida humana no mar.<\/p>\n<p><strong>Opera\u00e7\u00e3o noturna: como foi conduzido o patrulhamento naval na Ba\u00eda de Sepetiba<\/strong><br \/>\nDurante cinco noites consecutivas, as equipes da Marinha navegaram sob baixa visibilidade, utilizando radares, luzes de busca, comunica\u00e7\u00f5es via VHF e embarca\u00e7\u00f5es \u00e1geis para alcan\u00e7ar pontos sens\u00edveis da Ba\u00eda de Sepetiba. A opera\u00e7\u00e3o foi conduzida pelo Comando do Grupamento de Patrulha Naval do Sudeste (ComGptPatNavSE), empregando dois meios navais distintos: o NPa Maca\u00e9, com capacidade de patrulha oce\u00e2nica, e o AviPa Marlim, especializado em a\u00e7\u00f5es mais pr\u00f3ximas da costa.<\/p>\n<p>As a\u00e7\u00f5es consistiram em inspe\u00e7\u00f5es navais noturnas, nas quais embarca\u00e7\u00f5es civis foram abordadas para verifica\u00e7\u00e3o de documentos, condi\u00e7\u00f5es de seguran\u00e7a e licenciamento ambiental. As atividades seguiram rigorosos protocolos operacionais, priorizando a seguran\u00e7a da tripula\u00e7\u00e3o e o cumprimento da legisla\u00e7\u00e3o mar\u00edtima brasileira, com foco especial na preven\u00e7\u00e3o de il\u00edcitos e acidentes de navega\u00e7\u00e3o.<\/p>\n<p><strong>Prote\u00e7\u00e3o ambiental e salvaguarda da vida humana no mar<\/strong><br \/>\nMais do que coibir irregularidades administrativas, as a\u00e7\u00f5es noturnas refor\u00e7aram a fun\u00e7\u00e3o social e ambiental da Marinha. Em uma \u00e1rea marcada por intenso tr\u00e1fego de embarca\u00e7\u00f5es de carga e pesca, o patrulhamento visa inibir pr\u00e1ticas que possam resultar em polui\u00e7\u00e3o h\u00eddrica, como descarte irregular de res\u00edduos e vazamentos de \u00f3leo.<\/p>\n<p>Ao mesmo tempo, o patrulhamento contribui diretamente para a salvaguarda da vida humana no mar, ao fiscalizar embarca\u00e7\u00f5es sem itens obrigat\u00f3rios de seguran\u00e7a \u2014 como coletes, r\u00e1dio de emerg\u00eancia ou sinalizadores. Em regi\u00f5es portu\u00e1rias movimentadas, a\u00e7\u00f5es preventivas como essas reduzem riscos de acidentes n\u00e1uticos, naufr\u00e1gios ou situa\u00e7\u00f5es de abandono de tripulantes, refor\u00e7ando o compromisso da For\u00e7a com a preserva\u00e7\u00e3o da vida.<\/p>\n<p><strong>Relev\u00e2ncia estrat\u00e9gica da Ba\u00eda de Sepetiba para o Brasil<\/strong><br \/>\nA Ba\u00eda de Sepetiba \u00e9 um dos pontos log\u00edsticos mais relevantes da Regi\u00e3o Sudeste, concentrando terminais portu\u00e1rios de exporta\u00e7\u00e3o de min\u00e9rio de ferro, terminais privados e estruturas sens\u00edveis como a termoel\u00e9trica flutuante instalada na \u00e1rea. A regi\u00e3o serve de elo entre a produ\u00e7\u00e3o industrial do estado do Rio de Janeiro e os fluxos do com\u00e9rcio exterior brasileiro.<\/p>\n<p>Por isso, garantir sua seguran\u00e7a \u2014 inclusive durante a noite \u2014 \u00e9 uma a\u00e7\u00e3o de interesse nacional. O controle das \u00e1guas jurisdicionais, a prote\u00e7\u00e3o de infraestrutura cr\u00edtica e o combate a il\u00edcitos s\u00e3o medidas que asseguram a fluidez das opera\u00e7\u00f5es portu\u00e1rias e projetam a imagem de um pa\u00eds atento \u00e0 seguran\u00e7a mar\u00edtima. Com o patrulhamento noturno, a Marinha demonstra presen\u00e7a constante e atua\u00e7\u00e3o estrat\u00e9gica, protegendo a costa e os interesses do Brasil no mar.<\/p>\n<p>Fonte: Defesa em foco<\/p>\n","protected":false},"excerpt":{"rendered":"<p>Sob o manto da noite, a Marinha do Brasil intensificou sua presen\u00e7a na Ba\u00eda de Sepetiba, \u00e1rea estrat\u00e9gica do litoral fluminense. Entre os dias 18&#8230;<\/p>\n","protected":false},"author":1527,"featured_media":60262,"comment_status":"closed","ping_status":"closed","sticky":false,"template":"","format":"standard","meta":{"footnotes":""},"categories":[6],"tags":[],"class_list":["post-60261","post","type-post","status-publish","format-standard","has-post-thumbnail","hentry","category-noticias"],"_links":{"self":[{"href":"https:\/\/www.sincomam.org.br\/index.php\/wp-json\/wp\/v2\/posts\/60261","targetHints":{"allow":["GET"]}}],"collection":[{"href":"https:\/\/www.sincomam.org.br\/index.php\/wp-json\/wp\/v2\/posts"}],"about":[{"href":"https:\/\/www.sincomam.org.br\/index.php\/wp-json\/wp\/v2\/types\/post"}],"author":[{"embeddable":true,"href":"https:\/\/www.sincomam.org.br\/index.php\/wp-json\/wp\/v2\/users\/1527"}],"replies":[{"embeddable":true,"href":"https:\/\/www.sincomam.org.br\/index.php\/wp-json\/wp\/v2\/comments?post=60261"}],"version-history":[{"count":2,"href":"https:\/\/www.sincomam.org.br\/index.php\/wp-json\/wp\/v2\/posts\/60261\/revisions"}],"predecessor-version":[{"id":60264,"href":"https:\/\/www.sincomam.org.br\/index.php\/wp-json\/wp\/v2\/posts\/60261\/revisions\/60264"}],"wp:featuredmedia":[{"embeddable":true,"href":"https:\/\/www.sincomam.org.br\/index.php\/wp-json\/wp\/v2\/media\/60262"}],"wp:attachment":[{"href":"https:\/\/www.sincomam.org.br\/index.php\/wp-json\/wp\/v2\/media?parent=60261"}],"wp:term":[{"taxonomy":"category","embeddable":true,"href":"https:\/\/www.sincomam.org.br\/index.php\/wp-json\/wp\/v2\/categories?post=60261"},{"taxonomy":"post_tag","embeddable":true,"href":"https:\/\/www.sincomam.org.br\/index.php\/wp-json\/wp\/v2\/tags?post=60261"}],"curies":[{"name":"wp","href":"https:\/\/api.w.org\/{rel}","templated":true}]}}