{"id":60247,"date":"2025-07-15T10:02:16","date_gmt":"2025-07-15T13:02:16","guid":{"rendered":"https:\/\/www.sincomam.org.br\/?p=60247"},"modified":"2025-07-15T10:02:16","modified_gmt":"2025-07-15T13:02:16","slug":"parlamentares-pedem-audiencias-e-eventos-regionais-para-discutir-a-nova-lei-dos-portos","status":"publish","type":"post","link":"https:\/\/www.sincomam.org.br\/index.php\/parlamentares-pedem-audiencias-e-eventos-regionais-para-discutir-a-nova-lei-dos-portos\/","title":{"rendered":"Parlamentares pedem audi\u00eancias e eventos regionais para discutir a nova Lei dos Portos"},"content":{"rendered":"<p>Parlamentares comentaram, sete requisitos para realiza\u00e7\u00e3o de audi\u00eancias p\u00fablicas, visitas t\u00e9cnicas e eventos regionais sobre o novo marco regulat\u00f3rio do setor portu\u00e1rio. As negocia\u00e7\u00f5es foram feitas a partir da \u00faltima quarta-feira (9), quando foi instalada a comiss\u00e3o especial sobre o sistema portu\u00e1rio brasileiro, que vai discutir o projeto de lei 733\/2025, que trata da atualiza\u00e7\u00e3o da Lei dos Portos vigente (12.815\/2013).<\/p>\n<p>O deputado Leo Prates (PDT\/BA) solicita a realiza\u00e7\u00e3o de semin\u00e1rio externo dos membros da comiss\u00e3o especial nas cidades de Santos (SP), Salvador (BA), Florian\u00f3polis (SC) e Jo\u00e3o Pessoa (PB), para discutir o sistema portu\u00e1rio brasileiro. Prates requer ainda uma audi\u00eancia p\u00fablica para discutir o sistema portu\u00e1rio brasileiro e mais sobre os impactos do PL 733 no setor de agroneg\u00f3cio, em especial quanto aos exportadores de caf\u00e9.<\/p>\n<p>O deputado Paulo Alexandre Barbosa (PSDB\/SP -Fdr PSDB-Cidadania) solicitou a realiza\u00e7\u00e3o de uma visita t\u00e9cnica ao Porto de Santos, pela comiss\u00e3o e convidada, tendo em vista a import\u00e2ncia do complexo portu\u00e1rio para a atualiza\u00e7\u00e3o legislativa. Barbosa tamb\u00e9m requer audi\u00eancia para discutir as altera\u00e7\u00f5es sugeridas pelo novo marco regulat\u00f3rio sobre a explora\u00e7\u00e3o dos portos, especialmente no que diz respeito \u00e0s atividades de opera\u00e7\u00e3o portu\u00e1ria e ao trabalho portu\u00e1rio.<\/p>\n<p>O deputado Gabriel Nunes (PSD\/BA) defende a realiza\u00e7\u00e3o de audi\u00eancia p\u00fablica com foco nas obras e a\u00e7\u00f5es de infraestrutura log\u00edstica da Bahia, buscando a integra\u00e7\u00e3o porto cidade. J\u00e1 a deputada Ana Paula Lima (PT\/SC -Fdr PT-PCdoB-PV) exigiu a realiza\u00e7\u00e3o de semin\u00e1rio em Santa Catarina, para discutir o sistema portu\u00e1rio brasileiro.<\/p>\n<p>O PL 733\/2025 \u00e9 de autoria do deputado Leur Lomanto J\u00fanior (Uni\u00e3o-BA) e r\u00e9plica do anteprojeto aprovado em 2024 por uma comiss\u00e3o de juristas criada pela C\u00e2mara, que sugeriu a revis\u00e3o do atual marco regulat\u00f3rio (Lei 12.815\/2013). O deputado Arthur Oliveira Maia (Uni\u00e3o\/BA) foi nomeado relator da comiss\u00e3o, presidido pelo deputado Murilo Galdino (Republicanos\/PB). Uma reuni\u00e3o foi convocada para o pr\u00f3ximo dia 6 de agosto para apresenta\u00e7\u00e3o do plano de trabalho do relator e delibera\u00e7\u00e3o de requisitos.<\/p>\n<p>Fonte: Portos e Navios<\/p>\n","protected":false},"excerpt":{"rendered":"<p>Parlamentares comentaram, sete requisitos para realiza\u00e7\u00e3o de audi\u00eancias p\u00fablicas, visitas t\u00e9cnicas e eventos regionais sobre o novo marco regulat\u00f3rio do setor portu\u00e1rio. As negocia\u00e7\u00f5es foram&#8230;<\/p>\n","protected":false},"author":1527,"featured_media":60248,"comment_status":"closed","ping_status":"closed","sticky":false,"template":"","format":"standard","meta":{"footnotes":""},"categories":[6],"tags":[],"class_list":["post-60247","post","type-post","status-publish","format-standard","has-post-thumbnail","hentry","category-noticias"],"_links":{"self":[{"href":"https:\/\/www.sincomam.org.br\/index.php\/wp-json\/wp\/v2\/posts\/60247","targetHints":{"allow":["GET"]}}],"collection":[{"href":"https:\/\/www.sincomam.org.br\/index.php\/wp-json\/wp\/v2\/posts"}],"about":[{"href":"https:\/\/www.sincomam.org.br\/index.php\/wp-json\/wp\/v2\/types\/post"}],"author":[{"embeddable":true,"href":"https:\/\/www.sincomam.org.br\/index.php\/wp-json\/wp\/v2\/users\/1527"}],"replies":[{"embeddable":true,"href":"https:\/\/www.sincomam.org.br\/index.php\/wp-json\/wp\/v2\/comments?post=60247"}],"version-history":[{"count":1,"href":"https:\/\/www.sincomam.org.br\/index.php\/wp-json\/wp\/v2\/posts\/60247\/revisions"}],"predecessor-version":[{"id":60249,"href":"https:\/\/www.sincomam.org.br\/index.php\/wp-json\/wp\/v2\/posts\/60247\/revisions\/60249"}],"wp:featuredmedia":[{"embeddable":true,"href":"https:\/\/www.sincomam.org.br\/index.php\/wp-json\/wp\/v2\/media\/60248"}],"wp:attachment":[{"href":"https:\/\/www.sincomam.org.br\/index.php\/wp-json\/wp\/v2\/media?parent=60247"}],"wp:term":[{"taxonomy":"category","embeddable":true,"href":"https:\/\/www.sincomam.org.br\/index.php\/wp-json\/wp\/v2\/categories?post=60247"},{"taxonomy":"post_tag","embeddable":true,"href":"https:\/\/www.sincomam.org.br\/index.php\/wp-json\/wp\/v2\/tags?post=60247"}],"curies":[{"name":"wp","href":"https:\/\/api.w.org\/{rel}","templated":true}]}}