{"id":60235,"date":"2025-07-15T09:38:47","date_gmt":"2025-07-15T12:38:47","guid":{"rendered":"https:\/\/www.sincomam.org.br\/?p=60235"},"modified":"2025-07-15T09:38:47","modified_gmt":"2025-07-15T12:38:47","slug":"ministerio-acompanha-com-atencao-o-desdobramento-das-novas-tarifas-dos-eua-e-avalia-que-nao-afetam-a-eficiencia-da-movimentacao-portuaria","status":"publish","type":"post","link":"https:\/\/www.sincomam.org.br\/index.php\/ministerio-acompanha-com-atencao-o-desdobramento-das-novas-tarifas-dos-eua-e-avalia-que-nao-afetam-a-eficiencia-da-movimentacao-portuaria\/","title":{"rendered":"Minist\u00e9rio acompanha com aten\u00e7\u00e3o o desdobramento das novas tarifas dos EUA e avalia que n\u00e3o afetam a efici\u00eancia da movimenta\u00e7\u00e3o portu\u00e1ria"},"content":{"rendered":"<p>O Minist\u00e9rio de Portos e Aeroportos est\u00e1 acompanhando com aten\u00e7\u00e3o todos os desdobramentos das novas tarifas anunciadas pelo governo dos Estados Unidos. A quest\u00e3o das cargas nos portos brasileiros \u00e9 um problema pontual, restrito \u00e0queles terminais com um volume maior de carga destinada aos EUA, mas n\u00e3o chega a afetar a efici\u00eancia da movimenta\u00e7\u00e3o portu\u00e1ria.<\/p>\n<p>O Governo Federal est\u00e1 trabalhando com o setor produtivo em busca de solu\u00e7\u00f5es para reduzir o impacto das tarifas anunciadas pelos Estados Unidos sobre a produ\u00e7\u00e3o e o emprego no Brasil.<\/p>\n<p>\u201cTemos muita confian\u00e7a que atrav\u00e9s do di\u00e1logo do governo brasileiro com o governo americano vamos buscar o caminho do entendimento e uma constru\u00e7\u00e3o coletiva\u201d, afirmou o ministro de Portos e Aeroportos, Silvio Costa Filho.<\/p>\n<p>Umas das alternativas trabalhadas desde 2023 \u00e9 abertura de novos mercados para os produtos brasileiros. Aqui no MPor, temos buscado negocia\u00e7\u00f5es com outros pa\u00edses para buscar investimentos na infraestrutura portu\u00e1ria, ampliar a capacidade de nossos portos e descentralizar a movimenta\u00e7\u00e3o, gerando desenvolvimento socioecon\u00f4mico em todo pa\u00eds.<\/p>\n<p>O Minist\u00e9rio tamb\u00e9m est\u00e1 atento a eventuais impactos das tarifas para a exporta\u00e7\u00e3o de produtos brasileiros do setor a\u00e9reo, como avi\u00f5es e pe\u00e7as para aeronaves, buscando solu\u00e7\u00f5es para minimizar preju\u00edzos a empresas exportadoras do setor, como a Embraer.<\/p>\n<p>Fonte: Informativo dos Portos<\/p>\n","protected":false},"excerpt":{"rendered":"<p>O Minist\u00e9rio de Portos e Aeroportos est\u00e1 acompanhando com aten\u00e7\u00e3o todos os desdobramentos das novas tarifas anunciadas pelo governo dos Estados Unidos. A quest\u00e3o das&#8230;<\/p>\n","protected":false},"author":1527,"featured_media":60236,"comment_status":"closed","ping_status":"closed","sticky":false,"template":"","format":"standard","meta":{"footnotes":""},"categories":[6],"tags":[],"class_list":["post-60235","post","type-post","status-publish","format-standard","has-post-thumbnail","hentry","category-noticias"],"_links":{"self":[{"href":"https:\/\/www.sincomam.org.br\/index.php\/wp-json\/wp\/v2\/posts\/60235","targetHints":{"allow":["GET"]}}],"collection":[{"href":"https:\/\/www.sincomam.org.br\/index.php\/wp-json\/wp\/v2\/posts"}],"about":[{"href":"https:\/\/www.sincomam.org.br\/index.php\/wp-json\/wp\/v2\/types\/post"}],"author":[{"embeddable":true,"href":"https:\/\/www.sincomam.org.br\/index.php\/wp-json\/wp\/v2\/users\/1527"}],"replies":[{"embeddable":true,"href":"https:\/\/www.sincomam.org.br\/index.php\/wp-json\/wp\/v2\/comments?post=60235"}],"version-history":[{"count":1,"href":"https:\/\/www.sincomam.org.br\/index.php\/wp-json\/wp\/v2\/posts\/60235\/revisions"}],"predecessor-version":[{"id":60237,"href":"https:\/\/www.sincomam.org.br\/index.php\/wp-json\/wp\/v2\/posts\/60235\/revisions\/60237"}],"wp:featuredmedia":[{"embeddable":true,"href":"https:\/\/www.sincomam.org.br\/index.php\/wp-json\/wp\/v2\/media\/60236"}],"wp:attachment":[{"href":"https:\/\/www.sincomam.org.br\/index.php\/wp-json\/wp\/v2\/media?parent=60235"}],"wp:term":[{"taxonomy":"category","embeddable":true,"href":"https:\/\/www.sincomam.org.br\/index.php\/wp-json\/wp\/v2\/categories?post=60235"},{"taxonomy":"post_tag","embeddable":true,"href":"https:\/\/www.sincomam.org.br\/index.php\/wp-json\/wp\/v2\/tags?post=60235"}],"curies":[{"name":"wp","href":"https:\/\/api.w.org\/{rel}","templated":true}]}}