{"id":6023,"date":"2014-06-11T08:25:18","date_gmt":"2014-06-11T11:25:18","guid":{"rendered":"http:\/\/www.sincomam.org.br\/?p=6023"},"modified":"2014-06-10T23:07:37","modified_gmt":"2014-06-11T02:07:37","slug":"novo-porto-de-salvador-tem-cerca-de-95-das-obras-concluidas","status":"publish","type":"post","link":"https:\/\/www.sincomam.org.br\/index.php\/novo-porto-de-salvador-tem-cerca-de-95-das-obras-concluidas\/","title":{"rendered":"Novo porto de Salvador tem cerca de 95% das obras conclu\u00eddas"},"content":{"rendered":"<p><strong><em>Complexo poder\u00e1 receber at\u00e9 8 grandes navios ao mesmo tempo<\/em><\/strong><\/p>\n<p>O novo Terminal Tur\u00edstico Mar\u00edtimo de Passageiros do Porto de Salvador j\u00e1 tem cerca de 95% das obras conclu\u00eddas. Segundo o presidente da Codeba (Companhia das Docas do Estado da Bahia), Jos\u00e9 Rebou\u00e7as, o novo Porto tem capacidade para receber at\u00e9 oito grandes navios ao mesmo tempo e conta com toda estrutura necess\u00e1ria que vai desde a Pol\u00edcia Federal integrada com a Receita Federal ao processo de receptivo com a Bahiatursa.<\/p>\n<p>Objetivando testar o funcionamento do local, antes mesmo da inaugura\u00e7\u00e3o, \u00f3rg\u00e3os federais de fiscaliza\u00e7\u00e3o e de seguran\u00e7a realizaram os procedimentos em solo e tamb\u00e9m na embarca\u00e7\u00e3o. Rebou\u00e7as assegurou ainda que o novo Porto, al\u00e9m de um equipamento moderno n\u00e3o deixa nada a desejar aos clientes em local algum do mundo. Cujo equipamento tem condi\u00e7\u00f5es de atender \u201cem tr\u00e2nsito\u201d mais de 20 mil pessoas por dia.<\/p>\n<p>Para a constru\u00e7\u00e3o do novo terminal, foram investidos R$ 36 milh\u00f5es por parte do Governo Federal, atrav\u00e9s da Secretaria Especial dos Portos, em parceria com a Prefeitura de Salvador, que elaborou o projeto b\u00e1sico e o governo do Estado, respons\u00e1vel pelo projeto executivo de engenharia.<\/p>\n<p>O Terminal ocupa uma \u00e1rea total de 11 mil m2, dos quais 7.680 m2 de \u00e1rea constru\u00edda, inclui uma esplanada com 3 milm2 que vai descortinar para Avenida da Fran\u00e7a, o mar da Ba\u00eda de Todos os Santos, com a vista do Forte de S\u00e3o Marcelo.<\/p>\n<p>Fonte: Guia Mar\u00edtimo \/ Foto: CODEBA<\/p>\n","protected":false},"excerpt":{"rendered":"<p>Complexo poder\u00e1 receber at\u00e9 8 grandes navios ao mesmo tempo O novo Terminal Tur\u00edstico Mar\u00edtimo de Passageiros do Porto de Salvador j\u00e1 tem cerca de&#8230;<\/p>\n","protected":false},"author":1182,"featured_media":5429,"comment_status":"closed","ping_status":"closed","sticky":false,"template":"","format":"standard","meta":{"footnotes":""},"categories":[6],"tags":[1369,126,80,847],"class_list":["post-6023","post","type-post","status-publish","format-standard","has-post-thumbnail","hentry","category-noticias","tag-concluidas","tag-obras","tag-porto","tag-salvador"],"_links":{"self":[{"href":"https:\/\/www.sincomam.org.br\/index.php\/wp-json\/wp\/v2\/posts\/6023","targetHints":{"allow":["GET"]}}],"collection":[{"href":"https:\/\/www.sincomam.org.br\/index.php\/wp-json\/wp\/v2\/posts"}],"about":[{"href":"https:\/\/www.sincomam.org.br\/index.php\/wp-json\/wp\/v2\/types\/post"}],"author":[{"embeddable":true,"href":"https:\/\/www.sincomam.org.br\/index.php\/wp-json\/wp\/v2\/users\/1182"}],"replies":[{"embeddable":true,"href":"https:\/\/www.sincomam.org.br\/index.php\/wp-json\/wp\/v2\/comments?post=6023"}],"version-history":[{"count":1,"href":"https:\/\/www.sincomam.org.br\/index.php\/wp-json\/wp\/v2\/posts\/6023\/revisions"}],"predecessor-version":[{"id":6024,"href":"https:\/\/www.sincomam.org.br\/index.php\/wp-json\/wp\/v2\/posts\/6023\/revisions\/6024"}],"wp:featuredmedia":[{"embeddable":true,"href":"https:\/\/www.sincomam.org.br\/index.php\/wp-json\/wp\/v2\/media\/5429"}],"wp:attachment":[{"href":"https:\/\/www.sincomam.org.br\/index.php\/wp-json\/wp\/v2\/media?parent=6023"}],"wp:term":[{"taxonomy":"category","embeddable":true,"href":"https:\/\/www.sincomam.org.br\/index.php\/wp-json\/wp\/v2\/categories?post=6023"},{"taxonomy":"post_tag","embeddable":true,"href":"https:\/\/www.sincomam.org.br\/index.php\/wp-json\/wp\/v2\/tags?post=6023"}],"curies":[{"name":"wp","href":"https:\/\/api.w.org\/{rel}","templated":true}]}}