{"id":60227,"date":"2025-07-14T06:04:20","date_gmt":"2025-07-14T09:04:20","guid":{"rendered":"https:\/\/www.sincomam.org.br\/?p=60227"},"modified":"2025-07-13T23:08:45","modified_gmt":"2025-07-14T02:08:45","slug":"a-economia-azul-e-nossa-oportunidade-de-ouro-afirma-onu-em-conferencia-no-golfo-da-guine","status":"publish","type":"post","link":"https:\/\/www.sincomam.org.br\/index.php\/a-economia-azul-e-nossa-oportunidade-de-ouro-afirma-onu-em-conferencia-no-golfo-da-guine\/","title":{"rendered":"\u201cA Economia Azul \u00e9 nossa oportunidade de ouro\u201d, afirma ONU em confer\u00eancia no Golfo da Guin\u00e9"},"content":{"rendered":"<p>Em um momento decisivo para o futuro dos oceanos e da sustentabilidade global, a vice-secret\u00e1ria-geral da ONU, Amina J. Mohammed, declarou que a Economia Azul representa a \u201coportunidade de ouro\u201d para pa\u00edses do Golfo da Guin\u00e9 e para o mundo. O discurso foi proferido na abertura da Confer\u00eancia Internacional sobre Economia Azul, realizada em Yaound\u00e9, Camar\u00f5es, onde l\u00edderes regionais e internacionais se reuniram para discutir solu\u00e7\u00f5es para proteger os mares e promover o desenvolvimento sustent\u00e1vel.<\/p>\n<p><strong>Aspecto t\u00e9cnico-operacional da Economia Azul no Golfo da Guin\u00e9<\/strong><\/p>\n<p>Durante a confer\u00eancia, a ONU apresentou um conjunto de propostas para fortalecer a Economia Azul como estrat\u00e9gia integrada nas pol\u00edticas nacionais dos pa\u00edses do Golfo da Guin\u00e9. A vice-secret\u00e1ria-geral Amina Mohammed destacou tr\u00eas \u00e1reas priorit\u00e1rias: prote\u00e7\u00e3o dos ecossistemas marinhos, destravamento do potencial econ\u00f4mico do oceano e garantia da seguran\u00e7a mar\u00edtima regional.<\/p>\n<p>A proposta inclui a integra\u00e7\u00e3o de a\u00e7\u00f5es baseadas no oceano nas Contribui\u00e7\u00f5es Nacionalmente Determinadas (NDCs) dos pa\u00edses rumo \u00e0 COP30, al\u00e9m da implementa\u00e7\u00e3o do Tratado do Alto Mar e a acelera\u00e7\u00e3o de um tratado global contra a polui\u00e7\u00e3o por pl\u00e1sticos. A ONU tamb\u00e9m recomenda a aplica\u00e7\u00e3o do princ\u00edpio do \u201cpoluidor pagador\u201d para combater res\u00edduos t\u00f3xicos e micropl\u00e1sticos.<\/p>\n<p>Do ponto de vista econ\u00f4mico, foi ressaltada a import\u00e2ncia de fomentar aquicultura sustent\u00e1vel, energia offshore, biotecnologia marinha e ecoturismo, al\u00e9m de promover a pesquisa cient\u00edfica para descobrir esp\u00e9cies ainda desconhecidas, com potencial para revolucionar setores como farmac\u00eautico e aliment\u00edcio. A expectativa \u00e9 movimentar um mercado global de quase US$ 11 bilh\u00f5es, beneficiando diretamente jovens e mulheres africanas.<\/p>\n<p>Em termos de seguran\u00e7a, a confer\u00eancia refor\u00e7ou a necessidade de consolidar os avan\u00e7os em seguran\u00e7a mar\u00edtima, com foco no combate \u00e0 pirataria, tr\u00e1fico e crime transnacional. A coopera\u00e7\u00e3o entre organismos regionais como a ECOWAS, ECCAS e a Comiss\u00e3o do Golfo da Guin\u00e9 foi destacada como essencial.<\/p>\n<p><strong>Import\u00e2ncia estrat\u00e9gica da Economia Azul para o desenvolvimento sustent\u00e1vel da \u00c1frica<\/strong><\/p>\n<p>A Economia Azul \u00e9 vista como pilar central para o desenvolvimento sustent\u00e1vel na \u00c1frica, especialmente para os mais de 100 milh\u00f5es de pessoas que vivem em zonas costeiras no Golfo da Guin\u00e9. Integrando crescimento econ\u00f4mico, preserva\u00e7\u00e3o ambiental e inclus\u00e3o social, o conceito contribui para os Objetivos de Desenvolvimento Sustent\u00e1vel (ODS) da Agenda 2030 da ONU e da Agenda 2063 da Uni\u00e3o Africana.<\/p>\n<p>Al\u00e9m de combater a pobreza e garantir seguran\u00e7a alimentar, a Economia Azul impulsiona a inova\u00e7\u00e3o tecnol\u00f3gica e a gera\u00e7\u00e3o de empregos de qualidade. A vice-secret\u00e1ria-geral enfatizou que, apesar dos desafios clim\u00e1ticos e de seguran\u00e7a, o oceano permanece como um dos maiores ativos naturais da \u00c1frica, capaz de sustentar todas as dimens\u00f5es do desenvolvimento sustent\u00e1vel.<\/p>\n<p><strong>Hist\u00f3rico e evolu\u00e7\u00e3o da agenda da ONU sobre Economia Azul no cen\u00e1rio internacional<\/strong><\/p>\n<p>A agenda da Economia Azul consolidou-se como prioridade global a partir de debates iniciados na Confer\u00eancia das Na\u00e7\u00f5es Unidas sobre Desenvolvimento Sustent\u00e1vel (Rio+20), em 2012. Desde ent\u00e3o, a ONU tem promovido confer\u00eancias regionais e globais, estabelecendo marcos importantes como o Tratado do Alto Mar, assinado em 2023.<\/p>\n<p>A Agenda 2030 inclui especificamente o ODS 14 \u2013 Vida na \u00c1gua, enquanto a Agenda 2063 da Uni\u00e3o Africana refor\u00e7a a valoriza\u00e7\u00e3o dos oceanos como patrim\u00f4nio do continente. Confer\u00eancias recentes, como a de Sevilha sobre Financiamento para o Desenvolvimento e a mobiliza\u00e7\u00e3o global liderada pelo secret\u00e1rio-geral da ONU, ampliaram o foco sobre o tema, alinhando investimentos internacionais \u00e0 prote\u00e7\u00e3o e explora\u00e7\u00e3o sustent\u00e1vel do oceano.<\/p>\n<p>Fonte: Defesa em Foco<\/p>\n","protected":false},"excerpt":{"rendered":"<p>Em um momento decisivo para o futuro dos oceanos e da sustentabilidade global, a vice-secret\u00e1ria-geral da ONU, Amina J. Mohammed, declarou que a Economia Azul&#8230;<\/p>\n","protected":false},"author":1527,"featured_media":60228,"comment_status":"closed","ping_status":"closed","sticky":false,"template":"","format":"standard","meta":{"footnotes":""},"categories":[6],"tags":[],"class_list":["post-60227","post","type-post","status-publish","format-standard","has-post-thumbnail","hentry","category-noticias"],"_links":{"self":[{"href":"https:\/\/www.sincomam.org.br\/index.php\/wp-json\/wp\/v2\/posts\/60227","targetHints":{"allow":["GET"]}}],"collection":[{"href":"https:\/\/www.sincomam.org.br\/index.php\/wp-json\/wp\/v2\/posts"}],"about":[{"href":"https:\/\/www.sincomam.org.br\/index.php\/wp-json\/wp\/v2\/types\/post"}],"author":[{"embeddable":true,"href":"https:\/\/www.sincomam.org.br\/index.php\/wp-json\/wp\/v2\/users\/1527"}],"replies":[{"embeddable":true,"href":"https:\/\/www.sincomam.org.br\/index.php\/wp-json\/wp\/v2\/comments?post=60227"}],"version-history":[{"count":2,"href":"https:\/\/www.sincomam.org.br\/index.php\/wp-json\/wp\/v2\/posts\/60227\/revisions"}],"predecessor-version":[{"id":60230,"href":"https:\/\/www.sincomam.org.br\/index.php\/wp-json\/wp\/v2\/posts\/60227\/revisions\/60230"}],"wp:featuredmedia":[{"embeddable":true,"href":"https:\/\/www.sincomam.org.br\/index.php\/wp-json\/wp\/v2\/media\/60228"}],"wp:attachment":[{"href":"https:\/\/www.sincomam.org.br\/index.php\/wp-json\/wp\/v2\/media?parent=60227"}],"wp:term":[{"taxonomy":"category","embeddable":true,"href":"https:\/\/www.sincomam.org.br\/index.php\/wp-json\/wp\/v2\/categories?post=60227"},{"taxonomy":"post_tag","embeddable":true,"href":"https:\/\/www.sincomam.org.br\/index.php\/wp-json\/wp\/v2\/tags?post=60227"}],"curies":[{"name":"wp","href":"https:\/\/api.w.org\/{rel}","templated":true}]}}