{"id":6021,"date":"2014-06-11T08:20:15","date_gmt":"2014-06-11T11:20:15","guid":{"rendered":"http:\/\/www.sincomam.org.br\/?p=6021"},"modified":"2014-06-10T23:02:02","modified_gmt":"2014-06-11T02:02:02","slug":"canal-de-acesso-do-porto-de-itajai-e-fechado-apos-forte-correnteza","status":"publish","type":"post","link":"https:\/\/www.sincomam.org.br\/index.php\/canal-de-acesso-do-porto-de-itajai-e-fechado-apos-forte-correnteza\/","title":{"rendered":"Canal de acesso do Porto de Itaja\u00ed \u00e9 fechado ap\u00f3s forte correnteza"},"content":{"rendered":"<p>O canal de acesso ao Porto de Itaja\u00ed foi fechado devido \u00e0 forte correnteza, causada pelo grande volume de chuvas. At\u00e9 9h40 desta segunda-feira (9), o local ainda n\u00e3o havia sido aberto. O fechamento ocorreu na manh\u00e3 de domingo (8) e a previs\u00e3o mais otimista \u00e9 de que o porto volte a funcionar normalmente na noite de ter\u00e7a (10).<\/p>\n<p>De acordo com a Defesa Civil, 24 cidades do Norte, do Vale do Itaja\u00ed e do Oeste catarinense foram atingidas por alagamentos ou deslizamentos no \u00faltimo fim de semana. Dois munic\u00edpios decretaram calamidade p\u00fablica e oito, situa\u00e7\u00e3o de emerg\u00eancia. Segundo o \u00faltimo relat\u00f3rio da Defesa Civil, havia 670 pessoas desabrigadas e 16 mil desalojadas.<\/p>\n<p>De acordo com o porto, a forte correnteza continuava na manh\u00e3 desta segunda. O local fica na foz do rio Itaja\u00ed-A\u00e7u, onde toda a \u00e1gua concentrada do Vale do Itaja\u00ed desemboca. Por enquanto, nenhum navio entra ou sai do porto.<\/p>\n<p>Apesar da forte correnteza, n\u00e3o houve problemas com nenhuma embarca\u00e7\u00e3o. Uma balsa, por\u00e9m, foi arrastada na noite de domingo (8), segundo a Capitania dos Portos de Itaja\u00ed. Ela estava amarrada foi segurada pelo rebocador e n\u00e3o teve danos.<\/p>\n<p>A barra do acesso ao porto foi fechada apenas para navios. Barcos pesqueiros podem transitar normalmente.<\/p>\n<p>Fonte: Do G1\/SC<\/p>\n","protected":false},"excerpt":{"rendered":"<p>O canal de acesso ao Porto de Itaja\u00ed foi fechado devido \u00e0 forte correnteza, causada pelo grande volume de chuvas. At\u00e9 9h40 desta segunda-feira (9),&#8230;<\/p>\n","protected":false},"author":1182,"featured_media":5688,"comment_status":"closed","ping_status":"closed","sticky":false,"template":"","format":"standard","meta":{"footnotes":""},"categories":[6],"tags":[1368,1366,1367,291,80],"class_list":["post-6021","post","type-post","status-publish","format-standard","has-post-thumbnail","hentry","category-noticias","tag-correnteza","tag-fechado","tag-forte","tag-itajai","tag-porto"],"_links":{"self":[{"href":"https:\/\/www.sincomam.org.br\/index.php\/wp-json\/wp\/v2\/posts\/6021","targetHints":{"allow":["GET"]}}],"collection":[{"href":"https:\/\/www.sincomam.org.br\/index.php\/wp-json\/wp\/v2\/posts"}],"about":[{"href":"https:\/\/www.sincomam.org.br\/index.php\/wp-json\/wp\/v2\/types\/post"}],"author":[{"embeddable":true,"href":"https:\/\/www.sincomam.org.br\/index.php\/wp-json\/wp\/v2\/users\/1182"}],"replies":[{"embeddable":true,"href":"https:\/\/www.sincomam.org.br\/index.php\/wp-json\/wp\/v2\/comments?post=6021"}],"version-history":[{"count":1,"href":"https:\/\/www.sincomam.org.br\/index.php\/wp-json\/wp\/v2\/posts\/6021\/revisions"}],"predecessor-version":[{"id":6022,"href":"https:\/\/www.sincomam.org.br\/index.php\/wp-json\/wp\/v2\/posts\/6021\/revisions\/6022"}],"wp:featuredmedia":[{"embeddable":true,"href":"https:\/\/www.sincomam.org.br\/index.php\/wp-json\/wp\/v2\/media\/5688"}],"wp:attachment":[{"href":"https:\/\/www.sincomam.org.br\/index.php\/wp-json\/wp\/v2\/media?parent=6021"}],"wp:term":[{"taxonomy":"category","embeddable":true,"href":"https:\/\/www.sincomam.org.br\/index.php\/wp-json\/wp\/v2\/categories?post=6021"},{"taxonomy":"post_tag","embeddable":true,"href":"https:\/\/www.sincomam.org.br\/index.php\/wp-json\/wp\/v2\/tags?post=6021"}],"curies":[{"name":"wp","href":"https:\/\/api.w.org\/{rel}","templated":true}]}}