{"id":60197,"date":"2025-07-11T06:06:26","date_gmt":"2025-07-11T09:06:26","guid":{"rendered":"https:\/\/www.sincomam.org.br\/?p=60197"},"modified":"2025-07-10T23:11:08","modified_gmt":"2025-07-11T02:11:08","slug":"petrobras-divulga-edital-para-tecnologias-de-geracao-de-energia","status":"publish","type":"post","link":"https:\/\/www.sincomam.org.br\/index.php\/petrobras-divulga-edital-para-tecnologias-de-geracao-de-energia\/","title":{"rendered":"Petrobras divulga edital para tecnologias de gera\u00e7\u00e3o de energia"},"content":{"rendered":"<p>A primeira oportunidade, chamada \u201cEdital de Chamada para Projetos de Pesquisa em Tecnologias de Gera\u00e7\u00e3o de Energia\u201d, tem como objetivo selecionar projetos de pesquisa e desenvolvimento de tecnologias inovadoras inovadoras para a gera\u00e7\u00e3o e\/ou armazenamento de energia no fundo do mar, com aplica\u00e7\u00e3o em po\u00e7os e plataformas submarinas. O foco \u00e9 promover solu\u00e7\u00f5es sustent\u00e1veis \u200b\u200be eficientes que contribuam para a transi\u00e7\u00e3o energ\u00e9tica e a explora\u00e7\u00e3o respons\u00e1vel dos recursos marinhos, segundo a estatal. <\/p>\n<p>Os projetos devem abordar, mas n\u00e3o se limitam, uma ou mais das seguintes \u00e1reas:<\/p>\n<p>Gera\u00e7\u00e3o de energia a partir de fontes renov\u00e1veis \u200b\u200bsubmarinas (ex.: energia das ondas, mar\u00e9s, t\u00e9rmicas);<br \/>\nDesenvolvimento de tecnologias de armazenamento de energia para aplica\u00e7\u00e3o em ambientes submarinos;<br \/>\nIntegra\u00e7\u00e3o de solu\u00e7\u00f5es de gera\u00e7\u00e3o de energia com sistemas de explora\u00e7\u00e3o e produ\u00e7\u00e3o de petr\u00f3leo e g\u00e1s; e<br \/>\nEstudos de previs\u00f5es t\u00e9cnicas e econ\u00f4micas para a implementa\u00e7\u00e3o de tecnologias no fundo do mar.<br \/>\nOs detalhes dever\u00e3o enviar suas propostas at\u00e9 dia 25 deste m\u00eas. <\/p>\n<p>J\u00e1 a segunda oportunidade, chamada \u201cCentro de Excel\u00eancia de Seguran\u00e7a de Processo\u201d, tem como objetivo central promover o avan\u00e7o do conhecimento, da tecnologia e da cultura de seguran\u00e7a de processos no Brasil, por meio da integra\u00e7\u00e3o entre pesquisa aplicada, desenvolvimento tecnol\u00f3gico, capacita\u00e7\u00e3o profissional e suporte \u00e0 ind\u00fastria.<\/p>\n<p>A iniciativa visa preencher uma lacuna cr\u00edtica no cen\u00e1rio nacional, oferecendo uma infraestrutura in\u00e9dita para testes em escala real, valida\u00e7\u00e3o de equipamentos e seguran\u00e7a, al\u00e9m de tecnologias de forma\u00e7\u00e3o especializada. \u201cO CE-SEPRO ser\u00e1 um polo de refer\u00eancia para o desenvolvimento de solu\u00e7\u00f5es inovadoras que previnam acidentes industriais, melhorem a confiabilidade operacional e fortale\u00e7am a sustentabilidade ambiental e social das opera\u00e7\u00f5es industriais\u201d, afirma a Petrobras.<\/p>\n<p><strong>O CE-SEPRO possui, como principais prop\u00f3sitos: <\/strong><\/p>\n<p>Desenvolver e testar tecnologias de prote\u00e7\u00e3o contra inc\u00eandios, explos\u00f5es e falhas cr\u00edticas;<br \/>\nRealizar pesquisas em an\u00e1lise de riscos, fatores humanos e intelig\u00eancia artificial aplicada \u00e0 seguran\u00e7a;<br \/>\nOferecer treinamentos e certifica\u00e7\u00f5es em seguran\u00e7a de processos;<br \/>\nApoiar decis\u00f5es operacionais com dados t\u00e9cnicos e experimentais; e<br \/>\nEstimular a forma\u00e7\u00e3o acad\u00eamica e a pesquisa em seguran\u00e7a de processos nas universidades brasileiras.<br \/>\nOs detalhes dever\u00e3o enviar suas propostas at\u00e9 o dia 30 deste m\u00eas. <\/p>\n<p>O m\u00f3dulo \u201cCoopera\u00e7\u00f5es Tecnol\u00f3gicas\u201d funciona como um processo seletivo sistematizado e cont\u00ednuo para sele\u00e7\u00e3o de parceiros tecnol\u00f3gicos da Petrobras. A companhia oferece suporte financeiro e coopera\u00e7\u00e3o com seu corpo t\u00e9cnico para o desenvolvimento de projetos. Universidades, empresas de todos os portes e TICs, no Brasil e no exterior, podem participar do m\u00f3dulo.<\/p>\n<p>O Conex\u00f5es para Inova\u00e7\u00e3o \u00e9 o programa de inova\u00e7\u00e3o aberto da Petrobras. Ele \u00e9 dividido em sete m\u00f3dulos: Aquisi\u00e7\u00e3o de Solu\u00e7\u00f5es, Encomendas Tecnol\u00f3gicas, Coopera\u00e7\u00f5es Tecnol\u00f3gicas, OpenLab, Residentes, Startups e Transfer\u00eancia de Tecnologias.<\/p>\n<p>Fonte: Revista Brasil Energia<\/p>\n","protected":false},"excerpt":{"rendered":"<p>A primeira oportunidade, chamada \u201cEdital de Chamada para Projetos de Pesquisa em Tecnologias de Gera\u00e7\u00e3o de Energia\u201d, tem como objetivo selecionar projetos de pesquisa e&#8230;<\/p>\n","protected":false},"author":1527,"featured_media":60198,"comment_status":"closed","ping_status":"closed","sticky":false,"template":"","format":"standard","meta":{"footnotes":""},"categories":[6],"tags":[],"class_list":["post-60197","post","type-post","status-publish","format-standard","has-post-thumbnail","hentry","category-noticias"],"_links":{"self":[{"href":"https:\/\/www.sincomam.org.br\/index.php\/wp-json\/wp\/v2\/posts\/60197","targetHints":{"allow":["GET"]}}],"collection":[{"href":"https:\/\/www.sincomam.org.br\/index.php\/wp-json\/wp\/v2\/posts"}],"about":[{"href":"https:\/\/www.sincomam.org.br\/index.php\/wp-json\/wp\/v2\/types\/post"}],"author":[{"embeddable":true,"href":"https:\/\/www.sincomam.org.br\/index.php\/wp-json\/wp\/v2\/users\/1527"}],"replies":[{"embeddable":true,"href":"https:\/\/www.sincomam.org.br\/index.php\/wp-json\/wp\/v2\/comments?post=60197"}],"version-history":[{"count":1,"href":"https:\/\/www.sincomam.org.br\/index.php\/wp-json\/wp\/v2\/posts\/60197\/revisions"}],"predecessor-version":[{"id":60199,"href":"https:\/\/www.sincomam.org.br\/index.php\/wp-json\/wp\/v2\/posts\/60197\/revisions\/60199"}],"wp:featuredmedia":[{"embeddable":true,"href":"https:\/\/www.sincomam.org.br\/index.php\/wp-json\/wp\/v2\/media\/60198"}],"wp:attachment":[{"href":"https:\/\/www.sincomam.org.br\/index.php\/wp-json\/wp\/v2\/media?parent=60197"}],"wp:term":[{"taxonomy":"category","embeddable":true,"href":"https:\/\/www.sincomam.org.br\/index.php\/wp-json\/wp\/v2\/categories?post=60197"},{"taxonomy":"post_tag","embeddable":true,"href":"https:\/\/www.sincomam.org.br\/index.php\/wp-json\/wp\/v2\/tags?post=60197"}],"curies":[{"name":"wp","href":"https:\/\/api.w.org\/{rel}","templated":true}]}}