{"id":60184,"date":"2025-07-10T06:00:56","date_gmt":"2025-07-10T09:00:56","guid":{"rendered":"https:\/\/www.sincomam.org.br\/?p=60184"},"modified":"2025-07-09T22:47:10","modified_gmt":"2025-07-10T01:47:10","slug":"ons-defende-volta-do-horario-de-verao-para-suprir-demanda-de-energia","status":"publish","type":"post","link":"https:\/\/www.sincomam.org.br\/index.php\/ons-defende-volta-do-horario-de-verao-para-suprir-demanda-de-energia\/","title":{"rendered":"ONS defende volta do hor\u00e1rio de ver\u00e3o para suprir demanda de energia"},"content":{"rendered":"<p>O sistema el\u00e9trico brasileiro deve apresentar problemas para o suprimento da demanda de pot\u00eancia de energia el\u00e9trica nos hor\u00e1rios de pico, especialmente no fim do dia, nos pr\u00f3ximos cinco anos, caso n\u00e3o realize leil\u00f5es de pot\u00eancia de energia.<\/p>\n<p>A conclus\u00e3o \u00e9 do Plano da Opera\u00e7\u00e3o Energ\u00e9tica (PEN 2025), lan\u00e7ado pelo Operador Nacional do Sistema El\u00e9trico (ONS) nessa ter\u00e7a-feira (8). O documento traz as avalia\u00e7\u00f5es das condi\u00e7\u00f5es de atendimento ao mercado previsto de energia el\u00e9trica do Sistema Interligado Nacional (SIN) para o per\u00edodo de 2025 a 2029.<\/p>\n<p>Segundo o ONS, haver\u00e1 necessidade de despacho de usinas t\u00e9rmicas flex\u00edveis para atender a demanda no hor\u00e1rio de pico, com a ado\u00e7\u00e3o de medidas alternativas. Entre elas, a possibilidade de retorno do hor\u00e1rio de ver\u00e3o, suspenso no governo do ex-presidente Bolsonaro. A ado\u00e7\u00e3o do hor\u00e1rio de ver\u00e3o poder\u00e1 ser recomendada, mas depender\u00e1 das proje\u00e7\u00f5es de atendimento dos pr\u00f3ximos meses.<\/p>\n<p>O documento aponta que a gera\u00e7\u00e3o de energia no pa\u00eds cresceu, puxada principalmente pelas fontes de energia intermitentes, como a e\u00f3lica, solar e a MMGD (mini e microgera\u00e7\u00e3o distribu\u00edda solar), essas \u00faltimas duas praticamente n\u00e3o produzem menos energia no hor\u00e1rio noturno, quando h\u00e1 maior necessidade de pot\u00eancia.<\/p>\n<p><strong>Futuro<\/strong><br \/>\nPara os pr\u00f3ximos anos, \u00e9 estimado um acr\u00e9scimo de 36 Giga Watts (GW) de capacidade instalada, em rela\u00e7\u00e3o ao gerado em dezembro de 2024, totalizando 268 GW at\u00e9 2029.<\/p>\n<p> A MMGD, em conjunto com fonte solar, corresponder\u00e1 a 32,9% da matriz el\u00e9trica em 2029, fazendo com que a fonte solar seja a segunda maior em termos de capacidade instalada do Sistema Interligado Nacional (SIN).<\/p>\n<p>Para o operador, a mudan\u00e7a no perfil da matriz el\u00e9trica, com a crescente participa\u00e7\u00e3o das fontes renov\u00e1veis no atendimento ao SIN, trouxe novos desafios para a opera\u00e7\u00e3o e tem exigido maior flexibilidade na opera\u00e7\u00e3o, especialmente das usinas das hidrel\u00e9tricas, que s\u00e3o mais control\u00e1veis, al\u00e9m do despacho das termel\u00e9tricas.<\/p>\n<p>A avalia\u00e7\u00e3o do ONS \u00e9 que, diante do cen\u00e1rio atual, haver\u00e1 necessidade de preparar o sistema para elevados montantes de despacho termel\u00e9trico no segundo semestre para o atendimento de pot\u00eancia sob o ponto de vista conjuntural, principalmente a partir de outubro deste ano. \u201cObserva-se, em todo o horizonte, necessidade de elevado despacho t\u00e9rmico adicional ao previsto para atendimento energ\u00e9tico, sendo que grande parte dos cen\u00e1rios j\u00e1 indica a necessidade de utiliza\u00e7\u00e3o da reserva de pot\u00eancia ao longo do segundo semestre de 2025\u201d, diz o documento.<\/p>\n<p><strong>Gera\u00e7\u00e3o t\u00e9rmica<\/strong><br \/>\nApesar de apontar a necessidade de despacho das t\u00e9rmicas, o ONS n\u00e3o recomenda a inclus\u00e3o de gera\u00e7\u00e3o t\u00e9rmica com alto n\u00edvel de inflexibilidade ou com longo tempo de acionamento nos pr\u00f3ximos cinco anos.<\/p>\n<p>\u201cAo contr\u00e1rio, o SIN tem demandado cada vez mais requisitos de flexibilidade e, desta forma, o ONS precisa ter \u00e0 disposi\u00e7\u00e3o elementos de despachabilidade adequados \u00e0s r\u00e1pidas varia\u00e7\u00f5es de pot\u00eancia requeridas para o atendimento \u00e0 varia\u00e7\u00e3o da demanda e das fontes intermitentes ao longo do dia\u201d, diz o ONS.<\/p>\n<p><strong>Leil\u00e3o<\/strong><br \/>\nUm leil\u00e3o para a contrata\u00e7\u00e3o de pot\u00eancia el\u00e9trica &#8211;  Leil\u00e3o de Reserva de Capacidade na forma de Pot\u00eancia &#8211; estava previsto para agosto do ano passado. Mas o certame foi judicializado, levando a in\u00fameros adiamentos da defini\u00e7\u00e3o das regras do leil\u00e3o.<\/p>\n<p>A previs\u00e3o era de que o leil\u00e3o ocorresse em junho, mas em abril, o Minist\u00e9rio de Minas e Energia editou uma portaria revogando as regras para o certame, o que, na pr\u00e1tica, acabou cancelando a disputa que seria destinada \u00e0 contrata\u00e7\u00e3o de pot\u00eancia el\u00e9trica a partir de empreendimentos de gera\u00e7\u00e3o, novos e existentes provenientes de usinas hidrel\u00e9tricas e termel\u00e9tricas a g\u00e1s natural e a biocombust\u00edveis.<\/p>\n<p>A Ag\u00eancia Nacional de Energia El\u00e9trica (Aneel) disse que, caso seja publicada uma nova portaria, um novo leil\u00e3o ser\u00e1 coordenado pela Aneel e realizado na plataforma online da C\u00e2mara de Comercializa\u00e7\u00e3o de Energia El\u00e9trica (CCEE). <\/p>\n<p>\u201cAssim, todo o aprendizado e os documentos redigidos no processo, como a consulta p\u00fablica realizada pela Ag\u00eancia, poder\u00e3o ser utilizados como base, na medida do que for adequado e pertinente, em eventual nova instru\u00e7\u00e3o\u201d, informou a ag\u00eancia reguladora.<\/p>\n<p><strong>Pr\u00f3ximos anos<\/strong><br \/>\nPara o horizonte estrutural (2026\/2029), documento aponta o risco expl\u00edcito de insufici\u00eancia da oferta de pot\u00eancia (LOLP), com a viola\u00e7\u00e3o do n\u00edvel de confian\u00e7a da insufici\u00eancia da oferta de pot\u00eancia de agosto de 2026 a dezembro de 2026, de agosto de 2027 a abril de 2028 e de julho de 2028 a dezembro de 2029. Ou seja, a LOLP \u00e9 violada em todos os anos da avalia\u00e7\u00e3o.<\/p>\n<p>\u201cNo sentido de busca do equil\u00edbrio estrutural em termos de atendimento aos requisitos de pot\u00eancia, \u00e9 premente a realiza\u00e7\u00e3o de leil\u00f5es anuais de reserva de capacidade na forma de pot\u00eancia, uma vez que os estudos do PEN 2024 j\u00e1 indicaram viola\u00e7\u00e3o dos crit\u00e9rios de garantia de suprimento de pot\u00eancia em 2025, e os resultados do PEN 2025 mostram aprofundamento das viola\u00e7\u00f5es com o decorrer dos anos avaliados\u201d diz o documento.<\/p>\n<p><strong>Cargas especiais<\/strong><br \/>\nOutro ponto que merece aten\u00e7\u00e3o \u00e9 a inser\u00e7\u00e3o de cargas especiais no sistema, tais como plantas de datacenters e hidrog\u00eanio verde, que demandam alto suprimento de energia e possuem baixa flexibilidade operativa, \u201ccom impacto tanto nos crit\u00e9rios de garantia de suprimento de energia quanto de pot\u00eancia, como mostrado nos cen\u00e1rios de sensibilidade\u201d.<\/p>\n<p>\u201cAten\u00e7\u00e3o especial deve ser dada na viabiliza\u00e7\u00e3o do atendimento destas cargas no per\u00edodo de ponta noturno, momento no qual o sistema j\u00e1 apresenta uma maior dificuldade no atendimento aos requisitos de carga\u201d, finaliza o documento. <\/p>\n","protected":false},"excerpt":{"rendered":"<p>O sistema el\u00e9trico brasileiro deve apresentar problemas para o suprimento da demanda de pot\u00eancia de energia el\u00e9trica nos hor\u00e1rios de pico, especialmente no fim do&#8230;<\/p>\n","protected":false},"author":1527,"featured_media":60185,"comment_status":"closed","ping_status":"closed","sticky":false,"template":"","format":"standard","meta":{"footnotes":""},"categories":[6],"tags":[],"class_list":["post-60184","post","type-post","status-publish","format-standard","has-post-thumbnail","hentry","category-noticias"],"_links":{"self":[{"href":"https:\/\/www.sincomam.org.br\/index.php\/wp-json\/wp\/v2\/posts\/60184","targetHints":{"allow":["GET"]}}],"collection":[{"href":"https:\/\/www.sincomam.org.br\/index.php\/wp-json\/wp\/v2\/posts"}],"about":[{"href":"https:\/\/www.sincomam.org.br\/index.php\/wp-json\/wp\/v2\/types\/post"}],"author":[{"embeddable":true,"href":"https:\/\/www.sincomam.org.br\/index.php\/wp-json\/wp\/v2\/users\/1527"}],"replies":[{"embeddable":true,"href":"https:\/\/www.sincomam.org.br\/index.php\/wp-json\/wp\/v2\/comments?post=60184"}],"version-history":[{"count":1,"href":"https:\/\/www.sincomam.org.br\/index.php\/wp-json\/wp\/v2\/posts\/60184\/revisions"}],"predecessor-version":[{"id":60186,"href":"https:\/\/www.sincomam.org.br\/index.php\/wp-json\/wp\/v2\/posts\/60184\/revisions\/60186"}],"wp:featuredmedia":[{"embeddable":true,"href":"https:\/\/www.sincomam.org.br\/index.php\/wp-json\/wp\/v2\/media\/60185"}],"wp:attachment":[{"href":"https:\/\/www.sincomam.org.br\/index.php\/wp-json\/wp\/v2\/media?parent=60184"}],"wp:term":[{"taxonomy":"category","embeddable":true,"href":"https:\/\/www.sincomam.org.br\/index.php\/wp-json\/wp\/v2\/categories?post=60184"},{"taxonomy":"post_tag","embeddable":true,"href":"https:\/\/www.sincomam.org.br\/index.php\/wp-json\/wp\/v2\/tags?post=60184"}],"curies":[{"name":"wp","href":"https:\/\/api.w.org\/{rel}","templated":true}]}}