{"id":60179,"date":"2025-07-10T06:41:37","date_gmt":"2025-07-10T09:41:37","guid":{"rendered":"https:\/\/www.sincomam.org.br\/?p=60179"},"modified":"2025-07-09T22:44:49","modified_gmt":"2025-07-10T01:44:49","slug":"marinha-garante-seguranca-em-procissoes-de-sao-pedro-na-bahia","status":"publish","type":"post","link":"https:\/\/www.sincomam.org.br\/index.php\/marinha-garante-seguranca-em-procissoes-de-sao-pedro-na-bahia\/","title":{"rendered":"Marinha garante seguran\u00e7a em prociss\u00f5es de S\u00e3o Pedro na Bahia"},"content":{"rendered":"<p>Como forma de fortalecer os la\u00e7os com as comunidades ribeirinhas e mar\u00edtimas, a Marinha do Brasil prestou apoio direto \u00e0s prociss\u00f5es n\u00e1uticas em homenagem a S\u00e3o Pedro realizadas em Porto Seguro e Santa Cruz Cabr\u00e1lia. A presen\u00e7a militar garantiu a tranquilidade da navega\u00e7\u00e3o e ressaltou o papel da for\u00e7a naval na valoriza\u00e7\u00e3o das tradi\u00e7\u00f5es culturais e religiosas da regi\u00e3o.<\/p>\n<p>A\u00e7\u00f5es de seguran\u00e7a da navega\u00e7\u00e3o realizadas pela Capitania dos Portos<br \/>\nDurante os festejos de S\u00e3o Pedro, padroeiro dos pescadores, a Delegacia da Capitania dos Portos em Porto Seguro (DelPSeguro) mobilizou militares e embarca\u00e7\u00f5es para garantir a seguran\u00e7a da navega\u00e7\u00e3o nas regi\u00f5es do Rio Buranh\u00e9m, em Porto Seguro, e do Rio Jo\u00e3o de Tiba, em Santa Cruz Cabr\u00e1lia. As a\u00e7\u00f5es inclu\u00edram o monitoramento das embarca\u00e7\u00f5es participantes, orienta\u00e7\u00e3o aos condutores e verifica\u00e7\u00e3o das condi\u00e7\u00f5es de seguran\u00e7a dos trajetos.<\/p>\n<p>A Marinha do Brasil refor\u00e7ou a import\u00e2ncia do respeito \u00e0s normas de tr\u00e1fego aquavi\u00e1rio durante eventos de grande movimenta\u00e7\u00e3o n\u00e1utica, assegurando a integridade dos participantes e evitando incidentes. Essa atua\u00e7\u00e3o preventiva integra a miss\u00e3o constitucional da Marinha de zelar pela seguran\u00e7a da navega\u00e7\u00e3o e salvaguardar a vida humana no mar e em \u00e1guas interiores.<\/p>\n<p>A Marinha do Brasil refor\u00e7ou a import\u00e2ncia do respeito \u00e0s normas de tr\u00e1fego aquavi\u00e1rio durante eventos de grande movimenta\u00e7\u00e3o n\u00e1utica, assegurando a integridade dos participantes e evitando incidentes. Essa atua\u00e7\u00e3o preventiva integra a miss\u00e3o constitucional da Marinha de zelar pela seguran\u00e7a da navega\u00e7\u00e3o e salvaguardar a vida humana no mar e em \u00e1guas interiores.<\/p>\n<p>Valoriza\u00e7\u00e3o da cultura e da f\u00e9 das comunidades costeiras pela Marinha<br \/>\nAo apoiar as manifesta\u00e7\u00f5es religiosas tradicionais, a Marinha refor\u00e7a seu papel como institui\u00e7\u00e3o pr\u00f3xima das comunidades mar\u00edtimas e ribeirinhas. As prociss\u00f5es de S\u00e3o Pedro n\u00e3o s\u00e3o apenas atos de f\u00e9, mas tamb\u00e9m express\u00f5es culturais profundamente enraizadas nas identidades locais. Barcos enfeitados, cantos religiosos e a condu\u00e7\u00e3o solene da imagem do santo refletem uma conex\u00e3o espiritual com o mar e com a vida dos pescadores.<\/p>\n<p>A presen\u00e7a da Marinha nesses eventos simboliza respeito e reconhecimento \u00e0 cultura popular, al\u00e9m de promover confian\u00e7a e integra\u00e7\u00e3o entre os militares e a popula\u00e7\u00e3o local. A parceria com l\u00edderes comunit\u00e1rios e religiosos tamb\u00e9m fortalece os v\u00ednculos institucionais e amplia a percep\u00e7\u00e3o social da Marinha como agente de apoio e prote\u00e7\u00e3o.<\/p>\n<p>Relev\u00e2ncia das prociss\u00f5es n\u00e1uticas para a identidade local e a integra\u00e7\u00e3o civil-militar<br \/>\nAs prociss\u00f5es mar\u00edtimas em homenagem a S\u00e3o Pedro s\u00e3o mais do que celebra\u00e7\u00f5es religiosas: s\u00e3o patrim\u00f4nios culturais vivos que reafirmam a identidade dos povos do litoral baiano. Essas tradi\u00e7\u00f5es fortalecem o sentimento de pertencimento e valorizam a hist\u00f3ria dos pescadores artesanais, protagonistas da vida econ\u00f4mica e social da regi\u00e3o.<\/p>\n<p>A integra\u00e7\u00e3o entre a Marinha do Brasil e essas comunidades representa um modelo de coopera\u00e7\u00e3o civil-militar baseado na confian\u00e7a, no respeito \u00e0 cultura local e no servi\u00e7o ao bem comum. Em regi\u00f5es costeiras como Porto Seguro e Santa Cruz Cabr\u00e1lia, onde o mar \u00e9 parte essencial da vida cotidiana, a presen\u00e7a da Marinha refor\u00e7a a seguran\u00e7a e tamb\u00e9m contribui para a preserva\u00e7\u00e3o das tradi\u00e7\u00f5es que moldam a identidade do povo brasileiro.<\/p>\n<p>Fonte: Defesa em Foco<\/p>\n","protected":false},"excerpt":{"rendered":"<p>Como forma de fortalecer os la\u00e7os com as comunidades ribeirinhas e mar\u00edtimas, a Marinha do Brasil prestou apoio direto \u00e0s prociss\u00f5es n\u00e1uticas em homenagem a&#8230;<\/p>\n","protected":false},"author":1527,"featured_media":60181,"comment_status":"closed","ping_status":"closed","sticky":false,"template":"","format":"standard","meta":{"footnotes":""},"categories":[6],"tags":[],"class_list":["post-60179","post","type-post","status-publish","format-standard","has-post-thumbnail","hentry","category-noticias"],"_links":{"self":[{"href":"https:\/\/www.sincomam.org.br\/index.php\/wp-json\/wp\/v2\/posts\/60179","targetHints":{"allow":["GET"]}}],"collection":[{"href":"https:\/\/www.sincomam.org.br\/index.php\/wp-json\/wp\/v2\/posts"}],"about":[{"href":"https:\/\/www.sincomam.org.br\/index.php\/wp-json\/wp\/v2\/types\/post"}],"author":[{"embeddable":true,"href":"https:\/\/www.sincomam.org.br\/index.php\/wp-json\/wp\/v2\/users\/1527"}],"replies":[{"embeddable":true,"href":"https:\/\/www.sincomam.org.br\/index.php\/wp-json\/wp\/v2\/comments?post=60179"}],"version-history":[{"count":3,"href":"https:\/\/www.sincomam.org.br\/index.php\/wp-json\/wp\/v2\/posts\/60179\/revisions"}],"predecessor-version":[{"id":60183,"href":"https:\/\/www.sincomam.org.br\/index.php\/wp-json\/wp\/v2\/posts\/60179\/revisions\/60183"}],"wp:featuredmedia":[{"embeddable":true,"href":"https:\/\/www.sincomam.org.br\/index.php\/wp-json\/wp\/v2\/media\/60181"}],"wp:attachment":[{"href":"https:\/\/www.sincomam.org.br\/index.php\/wp-json\/wp\/v2\/media?parent=60179"}],"wp:term":[{"taxonomy":"category","embeddable":true,"href":"https:\/\/www.sincomam.org.br\/index.php\/wp-json\/wp\/v2\/categories?post=60179"},{"taxonomy":"post_tag","embeddable":true,"href":"https:\/\/www.sincomam.org.br\/index.php\/wp-json\/wp\/v2\/tags?post=60179"}],"curies":[{"name":"wp","href":"https:\/\/api.w.org\/{rel}","templated":true}]}}