{"id":6016,"date":"2014-06-11T08:10:42","date_gmt":"2014-06-11T11:10:42","guid":{"rendered":"http:\/\/www.sincomam.org.br\/?p=6016"},"modified":"2014-06-10T22:53:47","modified_gmt":"2014-06-11T01:53:47","slug":"diretor-geral-da-antaq-fala-sobre-licitacao-de-arrendamentos-portuarios-na-camara-dos-deputados","status":"publish","type":"post","link":"https:\/\/www.sincomam.org.br\/index.php\/diretor-geral-da-antaq-fala-sobre-licitacao-de-arrendamentos-portuarios-na-camara-dos-deputados\/","title":{"rendered":"Diretor-geral da ANTAQ fala sobre licita\u00e7\u00e3o de arrendamentos portu\u00e1rios na C\u00e2mara dos Deputados"},"content":{"rendered":"<p>O diretor-geral da ANTAQ, M\u00e1rio Povia, participou nesta ter\u00e7a-feira (10), \u00e0s 14h30, de audi\u00eancia p\u00fablica na Comiss\u00e3o de Fiscaliza\u00e7\u00e3o Financeira e Controle (CFFC) da C\u00e2mara dos Deputados, em atendimento ao Requerimento n\u00ba 655\/2014 do deputado Mendon\u00e7a Filho (DEM\/PE). A audi\u00eancia ser\u00e1 realizada no Plen\u00e1rio 12 , do Anexo II da C\u00e2mara.<\/p>\n<p>O ministro da Secretaria de Portos, Ant\u00f4nio Henrique Silveira, tamb\u00e9m participa da audi\u00eancia p\u00fablica, e assim como o diretor-geral da ANTAQ discorrer\u00e1 sobre a realiza\u00e7\u00e3o de processos licitat\u00f3rios para o arrendamento de portos ao setor privado.<\/p>\n<p>Fonte: Antaq<\/p>\n","protected":false},"excerpt":{"rendered":"<p>O diretor-geral da ANTAQ, M\u00e1rio Povia, participou nesta ter\u00e7a-feira (10), \u00e0s 14h30, de audi\u00eancia p\u00fablica na Comiss\u00e3o de Fiscaliza\u00e7\u00e3o Financeira e Controle (CFFC) da C\u00e2mara&#8230;<\/p>\n","protected":false},"author":1182,"featured_media":6017,"comment_status":"closed","ping_status":"closed","sticky":false,"template":"","format":"standard","meta":{"footnotes":""},"categories":[6],"tags":[301,1065,1360,588,69],"class_list":["post-6016","post","type-post","status-publish","format-standard","has-post-thumbnail","hentry","category-noticias","tag-antaq","tag-diretor","tag-geral","tag-licitacao","tag-portos"],"_links":{"self":[{"href":"https:\/\/www.sincomam.org.br\/index.php\/wp-json\/wp\/v2\/posts\/6016","targetHints":{"allow":["GET"]}}],"collection":[{"href":"https:\/\/www.sincomam.org.br\/index.php\/wp-json\/wp\/v2\/posts"}],"about":[{"href":"https:\/\/www.sincomam.org.br\/index.php\/wp-json\/wp\/v2\/types\/post"}],"author":[{"embeddable":true,"href":"https:\/\/www.sincomam.org.br\/index.php\/wp-json\/wp\/v2\/users\/1182"}],"replies":[{"embeddable":true,"href":"https:\/\/www.sincomam.org.br\/index.php\/wp-json\/wp\/v2\/comments?post=6016"}],"version-history":[{"count":1,"href":"https:\/\/www.sincomam.org.br\/index.php\/wp-json\/wp\/v2\/posts\/6016\/revisions"}],"predecessor-version":[{"id":6018,"href":"https:\/\/www.sincomam.org.br\/index.php\/wp-json\/wp\/v2\/posts\/6016\/revisions\/6018"}],"wp:featuredmedia":[{"embeddable":true,"href":"https:\/\/www.sincomam.org.br\/index.php\/wp-json\/wp\/v2\/media\/6017"}],"wp:attachment":[{"href":"https:\/\/www.sincomam.org.br\/index.php\/wp-json\/wp\/v2\/media?parent=6016"}],"wp:term":[{"taxonomy":"category","embeddable":true,"href":"https:\/\/www.sincomam.org.br\/index.php\/wp-json\/wp\/v2\/categories?post=6016"},{"taxonomy":"post_tag","embeddable":true,"href":"https:\/\/www.sincomam.org.br\/index.php\/wp-json\/wp\/v2\/tags?post=6016"}],"curies":[{"name":"wp","href":"https:\/\/api.w.org\/{rel}","templated":true}]}}