{"id":60120,"date":"2025-07-08T06:00:03","date_gmt":"2025-07-08T09:00:03","guid":{"rendered":"https:\/\/www.sincomam.org.br\/?p=60120"},"modified":"2025-07-07T21:06:18","modified_gmt":"2025-07-08T00:06:18","slug":"porto-de-itajai-ganha-primeiro-boulevard-nautico-com-apoio-do-governo-federal","status":"publish","type":"post","link":"https:\/\/www.sincomam.org.br\/index.php\/porto-de-itajai-ganha-primeiro-boulevard-nautico-com-apoio-do-governo-federal\/","title":{"rendered":"Porto de Itaja\u00ed ganha primeiro boulevard n\u00e1utico com apoio do Governo Federal"},"content":{"rendered":"<p>O Porto de Itaja\u00ed inaugurou, nesta quinta-feira (3), o Boulevard Marina Itaja\u00ed, um moderno complexo n\u00e1utico que oferece infraestrutura para embarca\u00e7\u00f5es de pequeno e m\u00e9dio porte, al\u00e9m de espa\u00e7os de conviv\u00eancia e lazer integrados \u00e0 \u00e1rea urbana. A iniciativa recebeu investimento inicial de R$ 100 milh\u00f5es e foi viabilizada a partir da reabertura operacional do porto conduzida pelo Governo Federal.<\/p>\n<p>Para o ministro de Portos e Aeroportos, Silvio Costa Filho, o projeto demonstra como os portos podem ser indutores de crescimento. \u201cVer o porto e a cidade unindo esfor\u00e7os em iniciativas como essa \u00e9 a concretiza\u00e7\u00e3o da nossa vis\u00e3o, de que os portos s\u00e3o catalisadores de desenvolvimento econ\u00f4mico e social, integrando-se \u00e0s cidades e gerando emprego e renda para a popula\u00e7\u00e3o\u201d, afirmou.<\/p>\n<p>A iniciativa integra lazer, turismo e desenvolvimento econ\u00f4mico, somando investimentos p\u00fablicos e privados. O empreendimento contou com o apoio da Prefeitura de Itaja\u00ed e da Secretaria Nacional de Portos.<\/p>\n<p>Segundo o secret\u00e1rio nacional de Portos, Alex \u00c1vila, o projeto est\u00e1 em sintonia com a pol\u00edtica nacional de aproveitamento multifuncional das \u00e1reas portu\u00e1rias, que ajudam a promover o desenvolvimento econ\u00f4mico, a integra\u00e7\u00e3o urbana e a qualifica\u00e7\u00e3o do entorno portu\u00e1rio. \u201cIniciativas como essa ampliam a relev\u00e2ncia dos portos no planejamento urbano e na gera\u00e7\u00e3o de valor para as cidades. Esse tipo de interven\u00e7\u00e3o eleva a competitividade dos portos e contribui para a constru\u00e7\u00e3o de hubs log\u00edsticos e urbanos mais eficientes\u201d, ressaltou.<\/p>\n<p>Participaram da cerim\u00f4nia de inaugura\u00e7\u00e3o o prefeito de Itaja\u00ed, Robison Coelho; o secret\u00e1rio municipal de Turismo, Ronaldo Jansson J\u00fanior; o diretor da ABecker, Anderson Becker; representantes do Porto de Itaja\u00ed, como Rafael Canela e Marcelo Peres; e Carlos Gayoso, da Marina Itaja\u00ed.<\/p>\n<p>Desenvolvimento<br \/>\nLocalizado dentro da Marina Itaja\u00ed, o complexo conta com 38 mil metros quadrados de \u00e1rea constru\u00edda e abriga 78 opera\u00e7\u00f5es comerciais, incluindo supermercado premium, hotel cinco estrelas, rooftop, espa\u00e7os de coworking, \u00e1reas para eventos e edif\u00edcio-garagem com 500 vagas. Tudo foi projetado para dialogar com o ambiente n\u00e1utico e o turismo local.<\/p>\n<p>\u201cO lan\u00e7amento do Boulevard Marina Itaja\u00ed refor\u00e7a o potencial da cidade como destino n\u00e1utico premium do Brasil. Com proposta inovadora, ser\u00e1 o maior shopping voltado para as \u00e1guas do pa\u00eds\u201d, destacou Carlos Gayoso de Oliveira, diretor da Marina Itaja\u00ed e idealizador do projeto.<\/p>\n<p>Para Rafael Canela, assessor executivo do Porto de Itaja\u00ed, o empreendimento marca um novo momento na rela\u00e7\u00e3o entre o porto e a cidade, ao promover o uso inteligente e multifuncional da \u00e1rea portu\u00e1ria. \u201c\u00c9 um exemplo de ocupa\u00e7\u00e3o qualificada, que estimula novas formas de conviv\u00eancia urbana e desenvolvimento sustent\u00e1vel\u201d, concluiu.<\/p>\n<p>Fonte: Informativo dos Portos<\/p>\n","protected":false},"excerpt":{"rendered":"<p>O Porto de Itaja\u00ed inaugurou, nesta quinta-feira (3), o Boulevard Marina Itaja\u00ed, um moderno complexo n\u00e1utico que oferece infraestrutura para embarca\u00e7\u00f5es de pequeno e m\u00e9dio&#8230;<\/p>\n","protected":false},"author":1527,"featured_media":60122,"comment_status":"closed","ping_status":"closed","sticky":false,"template":"","format":"standard","meta":{"footnotes":""},"categories":[6],"tags":[],"class_list":["post-60120","post","type-post","status-publish","format-standard","has-post-thumbnail","hentry","category-noticias"],"_links":{"self":[{"href":"https:\/\/www.sincomam.org.br\/index.php\/wp-json\/wp\/v2\/posts\/60120","targetHints":{"allow":["GET"]}}],"collection":[{"href":"https:\/\/www.sincomam.org.br\/index.php\/wp-json\/wp\/v2\/posts"}],"about":[{"href":"https:\/\/www.sincomam.org.br\/index.php\/wp-json\/wp\/v2\/types\/post"}],"author":[{"embeddable":true,"href":"https:\/\/www.sincomam.org.br\/index.php\/wp-json\/wp\/v2\/users\/1527"}],"replies":[{"embeddable":true,"href":"https:\/\/www.sincomam.org.br\/index.php\/wp-json\/wp\/v2\/comments?post=60120"}],"version-history":[{"count":1,"href":"https:\/\/www.sincomam.org.br\/index.php\/wp-json\/wp\/v2\/posts\/60120\/revisions"}],"predecessor-version":[{"id":60123,"href":"https:\/\/www.sincomam.org.br\/index.php\/wp-json\/wp\/v2\/posts\/60120\/revisions\/60123"}],"wp:featuredmedia":[{"embeddable":true,"href":"https:\/\/www.sincomam.org.br\/index.php\/wp-json\/wp\/v2\/media\/60122"}],"wp:attachment":[{"href":"https:\/\/www.sincomam.org.br\/index.php\/wp-json\/wp\/v2\/media?parent=60120"}],"wp:term":[{"taxonomy":"category","embeddable":true,"href":"https:\/\/www.sincomam.org.br\/index.php\/wp-json\/wp\/v2\/categories?post=60120"},{"taxonomy":"post_tag","embeddable":true,"href":"https:\/\/www.sincomam.org.br\/index.php\/wp-json\/wp\/v2\/tags?post=60120"}],"curies":[{"name":"wp","href":"https:\/\/api.w.org\/{rel}","templated":true}]}}