{"id":60112,"date":"2025-07-08T06:00:53","date_gmt":"2025-07-08T09:00:53","guid":{"rendered":"https:\/\/www.sincomam.org.br\/?p=60112"},"modified":"2025-07-07T20:56:14","modified_gmt":"2025-07-07T23:56:14","slug":"portos-do-parana-sedia-evento-preparatorio-do-setor-portuario-para-a-cop30","status":"publish","type":"post","link":"https:\/\/www.sincomam.org.br\/index.php\/portos-do-parana-sedia-evento-preparatorio-do-setor-portuario-para-a-cop30\/","title":{"rendered":"Portos do Paran\u00e1 sedia evento preparat\u00f3rio do setor portu\u00e1rio para a COP30"},"content":{"rendered":"<p>A Portos do Paran\u00e1 ser\u00e1 a anfitri\u00e3 do 1\u00ba Encontro COP Portos Sustent\u00e1veis, que reunir\u00e1 autoridades e especialistas para debater solu\u00e7\u00f5es ambientais voltadas ao setor portu\u00e1rio. A iniciativa, marcada para o dia 15 de julho, prev\u00ea a realiza\u00e7\u00e3o de tr\u00eas encontros, cujas discuss\u00f5es resultar\u00e3o em um documento com propostas e compromissos a ser apresentado durante a 30\u00aa Confer\u00eancia das Na\u00e7\u00f5es Unidas sobre Mudan\u00e7a do Clima (COP30), em novembro, em Bel\u00e9m (PA).<\/p>\n<p>\u201c\u00c9 uma honra receber o Encontro COP Portos Sustent\u00e1veis. A Portos do Paran\u00e1 tem atuado ativamente nas discuss\u00f5es sobre mudan\u00e7as clim\u00e1ticas e \u00e9 a \u00fanica autoridade portu\u00e1ria brasileira convidada, por cinco anos consecutivos, a participar das COPs, desde 2019. Tenho certeza de que, em conjunto, os portos brasileiros e as comunidades portu\u00e1rias levar\u00e3o grandes propostas para Bel\u00e9m\u201d, destacou o diretor-presidente da Portos do Paran\u00e1, Luiz Fernando Garcia da Silva.<\/p>\n<p>A programa\u00e7\u00e3o do evento inclui tr\u00eas palestras sobre temas ambientais que impactam diretamente o setor portu\u00e1rio, conduzidas por profissionais que atuam na comunidade portu\u00e1ria do Porto de Paranagu\u00e1.<\/p>\n<p>Tamb\u00e9m est\u00e1 previsto um painel tem\u00e1tico que abordar\u00e1 corredores mar\u00edtimos clim\u00e1ticos, inova\u00e7\u00e3o e a\u00e7\u00e3o coletiva para descarboniza\u00e7\u00e3o, al\u00e9m da resili\u00eancia do setor portu\u00e1rio e aquavi\u00e1rio diante das mudan\u00e7as clim\u00e1ticas.<\/p>\n<p>O evento \u00e9 liderado pelo Grupo Tribuna e conta com a participa\u00e7\u00e3o de autoridades portu\u00e1rias e representantes de entidades como a Associa\u00e7\u00e3o Brasileira das Entidades Portu\u00e1rias e Hidrovi\u00e1rias (ABEPH), Associa\u00e7\u00e3o Brasileira dos Terminais Portu\u00e1rios (ABTP), Associa\u00e7\u00e3o Americana de Autoridades Portu\u00e1rias da Am\u00e9rica Latina (AAPA Latam), Ag\u00eancia Nacional de Transportes Aquavi\u00e1rios (ANTAQ) e Minist\u00e9rio de Portos e Aeroportos.<\/p>\n<p>Confira a programa\u00e7\u00e3o<br \/>\n1\u00ba Encontro COP Portos Sustent\u00e1veis (15\/7\/2025)<br \/>\n13h45 \u2013 Credenciamento<br \/>\n14h \u2013 Abertura<br \/>\n\u2022 Luiz Fernando Garcia da Silva \u2013 Diretor-presidente da Portos do Paran\u00e1<br \/>\n14h20 \u2013 Do cais \u00e0 comunidade: A for\u00e7a socioambiental do setor portu\u00e1rio<br \/>\n\u2022 Mait\u00ea Carlim Moura \u2013 Analista de Sustentabilidade na Rocha Terminais Portu\u00e1rios e Log\u00edstica<br \/>\n14h50 \u2013 Iniciativas sustent\u00e1veis<br \/>\n\u2022 \u00c2ngela Cristina Bahry \u2013 Coordenadora de ASG na Cattalini Terminais Mar\u00edtimos<br \/>\n\u2022 Gabriella Rodrigues Leal da Silva \u2013 Coordenadora de SSPAQ na Cattalini Terminais Mar\u00edtimos<br \/>\n15h20 \u2013 O papel dos operadores portu\u00e1rios no desenvolvimento sustent\u00e1vel<br \/>\n\u2022 Eliane de Oliveira \u2013 Coordenadora de Meio Ambiente no TCP<br \/>\n15h50 \u2013 Coffee break<br \/>\n16h20 \u2013 Painel COP30 \u2013 Corredores mar\u00edtimos clim\u00e1ticos: inova\u00e7\u00e3o e a\u00e7\u00e3o coletiva para descarboniza\u00e7\u00e3o e resili\u00eancia do setor portu\u00e1rio e aquavi\u00e1rio<\/p>\n<p>Participantes:<br \/>\nLuiz Fernando Garcia da Silva \u2013 Diretor-presidente da Portos do Paran\u00e1<\/p>\n<p>Claudio Bastos \u2013 Superintendente de Governan\u00e7a, Riscos e Compliance da APS<\/p>\n<p>F\u00e1bio Silveira \u2013 Consultor jur\u00eddico da ABEPH<\/p>\n<p>Marina Cavalini \u2013 Chefe de Gabinete da Secretaria Nacional de Portos<\/p>\n<p>Gilmara Tem\u00f3teo \u2013 Diretora-executiva da ABEPH<\/p>\n<p>Cristina Wadner \u2013 Advogada especialista em Direito Mar\u00edtimo e Empresarial<\/p>\n<p>Juan Duarte \u2013 Presidente da AAPA Latam<\/p>\n<p>Cl\u00e1udia Borges \u2013 Diretora-executiva e de Rela\u00e7\u00f5es Institucionais da ABTP<\/p>\n<p>Caio Cunha \u2013 Gerente de Rela\u00e7\u00f5es Institucionais e Governamentais do Porto do A\u00e7u<\/p>\n<p>Thales Schwanka Trevisan \u2013 Gerente de Meio Ambiente da Portos do Paran\u00e1<\/p>\n<p>Fonte: Informativo dos Portos<\/p>\n","protected":false},"excerpt":{"rendered":"<p>A Portos do Paran\u00e1 ser\u00e1 a anfitri\u00e3 do 1\u00ba Encontro COP Portos Sustent\u00e1veis, que reunir\u00e1 autoridades e especialistas para debater solu\u00e7\u00f5es ambientais voltadas ao setor&#8230;<\/p>\n","protected":false},"author":1527,"featured_media":60113,"comment_status":"closed","ping_status":"closed","sticky":false,"template":"","format":"standard","meta":{"footnotes":""},"categories":[6],"tags":[],"class_list":["post-60112","post","type-post","status-publish","format-standard","has-post-thumbnail","hentry","category-noticias"],"_links":{"self":[{"href":"https:\/\/www.sincomam.org.br\/index.php\/wp-json\/wp\/v2\/posts\/60112","targetHints":{"allow":["GET"]}}],"collection":[{"href":"https:\/\/www.sincomam.org.br\/index.php\/wp-json\/wp\/v2\/posts"}],"about":[{"href":"https:\/\/www.sincomam.org.br\/index.php\/wp-json\/wp\/v2\/types\/post"}],"author":[{"embeddable":true,"href":"https:\/\/www.sincomam.org.br\/index.php\/wp-json\/wp\/v2\/users\/1527"}],"replies":[{"embeddable":true,"href":"https:\/\/www.sincomam.org.br\/index.php\/wp-json\/wp\/v2\/comments?post=60112"}],"version-history":[{"count":1,"href":"https:\/\/www.sincomam.org.br\/index.php\/wp-json\/wp\/v2\/posts\/60112\/revisions"}],"predecessor-version":[{"id":60114,"href":"https:\/\/www.sincomam.org.br\/index.php\/wp-json\/wp\/v2\/posts\/60112\/revisions\/60114"}],"wp:featuredmedia":[{"embeddable":true,"href":"https:\/\/www.sincomam.org.br\/index.php\/wp-json\/wp\/v2\/media\/60113"}],"wp:attachment":[{"href":"https:\/\/www.sincomam.org.br\/index.php\/wp-json\/wp\/v2\/media?parent=60112"}],"wp:term":[{"taxonomy":"category","embeddable":true,"href":"https:\/\/www.sincomam.org.br\/index.php\/wp-json\/wp\/v2\/categories?post=60112"},{"taxonomy":"post_tag","embeddable":true,"href":"https:\/\/www.sincomam.org.br\/index.php\/wp-json\/wp\/v2\/tags?post=60112"}],"curies":[{"name":"wp","href":"https:\/\/api.w.org\/{rel}","templated":true}]}}