{"id":60105,"date":"2025-07-04T10:56:36","date_gmt":"2025-07-04T13:56:36","guid":{"rendered":"https:\/\/www.sincomam.org.br\/?p=60105"},"modified":"2025-07-04T10:56:36","modified_gmt":"2025-07-04T13:56:36","slug":"entenda-a-importancia-da-marinha-mercante-para-a-economia-do-pais-2","status":"publish","type":"post","link":"https:\/\/www.sincomam.org.br\/index.php\/entenda-a-importancia-da-marinha-mercante-para-a-economia-do-pais-2\/","title":{"rendered":"Entenda a import\u00e2ncia da Marinha Mercante para a economia do Pa\u00eds"},"content":{"rendered":"<p class=\"text-align-justify\">Quase todos os produtos que entraram e sa\u00edram do Pa\u00eds neste ano, bem como suas mat\u00e9rias-primas, dependeram de uma log\u00edstica complexa, baseada no com\u00e9rcio mar\u00edtimo e fluvial. Tais produtos, essencialmente conduzidos por um ramo de atividade profissional conhecido como Marinha Mercante, encontram, nos mares e rios, uma via essencial de escoamento, importa\u00e7\u00e3o e distribui\u00e7\u00e3o.<\/p>\n<p class=\"text-align-justify\">O Brasil \u00e9 um Pa\u00eds mar\u00edtimo, detentor de uma \u00e1rea com mais de 5,7 milh\u00f5es de km\u00b2, a Amaz\u00f4nia Azul, por onde transita cerca de 95% do com\u00e9rcio exterior. Al\u00e9m disso, mais de 80% da popula\u00e7\u00e3o brasileira vive a menos de 200 quil\u00f4metros da costa, e mais de 20 milh\u00f5es de empregos dependem direta ou indiretamente do mar.<\/p>\n<p class=\"text-align-justify\">O mar e as hidrovias interiores s\u00e3o, portanto, importantes cen\u00e1rios para o desenvolvimento das atividades econ\u00f4micas que integram a cadeia log\u00edstica do com\u00e9rcio nacional e internacional e, tamb\u00e9m, para aquelas que t\u00eam como base a explora\u00e7\u00e3o dos recursos naturais, a produ\u00e7\u00e3o e a presta\u00e7\u00e3o de servi\u00e7os nas \u00c1guas Jurisdicionais Brasileiras (AJB).<\/p>\n<p class=\"text-align-justify\">Por essa raz\u00e3o \u2013 e tamb\u00e9m pelo turismo e os demais servi\u00e7os aquavi\u00e1rios \u2013, \u00e9 fundamental enaltecer a import\u00e2ncia da Marinha Mercante para a sociedade e o seu papel estrat\u00e9gico na economia nacional, por gerar empregos e induzir melhorias na infraestrutura e nos servi\u00e7os referentes ao ramo.\u00a0Dessas atividades participam Aquavi\u00e1rios, Profissionais n\u00e3o Tripulantes, Tripulantes n\u00e3o Aquavi\u00e1rios, Portu\u00e1rios e profissionais de Atividades Correlatas.<\/p>\n<p class=\"text-align-justify\">Nesse contexto, a Marinha Mercante, celebrada a cada dia 28 de dezembro \u2013 data alusiva ao nascimento de seu patrono, Irineu Evangelista de Souza, o Visconde de Mau\u00e1 \u2013, \u00e9 o conjunto das organiza\u00e7\u00f5es, pessoas, embarca\u00e7\u00f5es e outros recursos dedicados \u00e0s atividades mar\u00edtimas, fluviais e lacustres de \u00e2mbito civil. Ou seja, ela n\u00e3o \u00e9 uma institui\u00e7\u00e3o, e sim um ramo de atividade profissional.<\/p>\n<p class=\"text-align-justify\">Dentro desse conjunto, s\u00e3o chamados de aquavi\u00e1rios os profissionais que, com habilita\u00e7\u00e3o certificada pela Autoridade Mar\u00edtima (no caso brasileiro, a Marinha do Brasil), operam embarca\u00e7\u00f5es em car\u00e1ter profissional.<\/p>\n<h5 class=\"text-align-justify\">N\u00fameros expressivos<\/h5>\n<p class=\"text-align-justify\">A grandiosidade do com\u00e9rcio mercante brasileiro se traduz em n\u00fameros. As movimenta\u00e7\u00f5es portu\u00e1rias (em terminais autorizados ou portos organizados), de janeiro de 2020 a outubro de 2024, somaram mais de 5,5 bilh\u00f5es de toneladas, de acordo com o Estat\u00edstico Aquavi\u00e1rio da Ag\u00eancia Nacional de Transportes Aquavi\u00e1rios (ANTAQ).<\/p>\n<p class=\"text-align-justify\">Dessas, a navega\u00e7\u00e3o de longo curso, ou seja, entre pa\u00edses (cruzando o oceano), foi respons\u00e1vel pela chegada e partida de mais de 4 bilh\u00f5es de toneladas; a cabotagem \u2013 navega\u00e7\u00e3o entre os portos nacionais \u2013, de quase 950 milh\u00f5es de toneladas; e as vias interiores, pela movimenta\u00e7\u00e3o de mais de 570 milh\u00f5es de toneladas.Fonte: Ag\u00eancia Marinha de Not\u00edcias<\/p>\n","protected":false},"excerpt":{"rendered":"<p>Quase todos os produtos que entraram e sa\u00edram do Pa\u00eds neste ano, bem como suas mat\u00e9rias-primas, dependeram de uma log\u00edstica complexa, baseada no com\u00e9rcio mar\u00edtimo&#8230;<\/p>\n","protected":false},"author":1527,"featured_media":60106,"comment_status":"closed","ping_status":"closed","sticky":false,"template":"","format":"standard","meta":{"footnotes":""},"categories":[6],"tags":[],"class_list":["post-60105","post","type-post","status-publish","format-standard","has-post-thumbnail","hentry","category-noticias"],"_links":{"self":[{"href":"https:\/\/www.sincomam.org.br\/index.php\/wp-json\/wp\/v2\/posts\/60105","targetHints":{"allow":["GET"]}}],"collection":[{"href":"https:\/\/www.sincomam.org.br\/index.php\/wp-json\/wp\/v2\/posts"}],"about":[{"href":"https:\/\/www.sincomam.org.br\/index.php\/wp-json\/wp\/v2\/types\/post"}],"author":[{"embeddable":true,"href":"https:\/\/www.sincomam.org.br\/index.php\/wp-json\/wp\/v2\/users\/1527"}],"replies":[{"embeddable":true,"href":"https:\/\/www.sincomam.org.br\/index.php\/wp-json\/wp\/v2\/comments?post=60105"}],"version-history":[{"count":1,"href":"https:\/\/www.sincomam.org.br\/index.php\/wp-json\/wp\/v2\/posts\/60105\/revisions"}],"predecessor-version":[{"id":60107,"href":"https:\/\/www.sincomam.org.br\/index.php\/wp-json\/wp\/v2\/posts\/60105\/revisions\/60107"}],"wp:featuredmedia":[{"embeddable":true,"href":"https:\/\/www.sincomam.org.br\/index.php\/wp-json\/wp\/v2\/media\/60106"}],"wp:attachment":[{"href":"https:\/\/www.sincomam.org.br\/index.php\/wp-json\/wp\/v2\/media?parent=60105"}],"wp:term":[{"taxonomy":"category","embeddable":true,"href":"https:\/\/www.sincomam.org.br\/index.php\/wp-json\/wp\/v2\/categories?post=60105"},{"taxonomy":"post_tag","embeddable":true,"href":"https:\/\/www.sincomam.org.br\/index.php\/wp-json\/wp\/v2\/tags?post=60105"}],"curies":[{"name":"wp","href":"https:\/\/api.w.org\/{rel}","templated":true}]}}