{"id":60080,"date":"2025-07-04T02:16:25","date_gmt":"2025-07-04T05:16:25","guid":{"rendered":"https:\/\/www.sincomam.org.br\/?p=60080"},"modified":"2025-07-04T02:16:25","modified_gmt":"2025-07-04T05:16:25","slug":"petrobras-anuncia-investimentos-de-r-33-bilhoes-no-rio-de-janeiro","status":"publish","type":"post","link":"https:\/\/www.sincomam.org.br\/index.php\/petrobras-anuncia-investimentos-de-r-33-bilhoes-no-rio-de-janeiro\/","title":{"rendered":"Petrobras anuncia investimentos de R$ 33 bilh\u00f5es no Rio de Janeiro"},"content":{"rendered":"<p><strong>A Petrobras detalhou nesta quinta-feira (3) os investimentos que v\u00e3o superar R$ 33 bilh\u00f5es nas \u00e1reas de refino e petroqu\u00edmica no estado do Rio de Janeiro. O valor faz parte do plano de neg\u00f3cios da companhia e deve ser executado at\u00e9 2029. A expectativa \u00e9 gerar 38 mil empregos diretos e indiretos.<\/strong><img decoding=\"async\" src=\"https:\/\/agenciabrasil.ebc.com.br\/ebc.png?id=1649298&amp;o=node\" \/><img decoding=\"async\" src=\"https:\/\/agenciabrasil.ebc.com.br\/ebc.gif?id=1649298&amp;o=node\" \/><\/p>\n<p>As cifras incluem recursos da Braskem, a sexta maior ind\u00fastria petroqu\u00edmica do mundo, na qual a Petrobras tem expressiva participa\u00e7\u00e3o acion\u00e1ria na companhia.<\/p>\n<p>Segundo a presidente da Petrobras, Magda Chambriard, o conjunto de investimentos \u00e9 &#8220;grande, gigantesco\u201d e engloba a integra\u00e7\u00e3o entre a Rota 3 (escoamento de g\u00e1s natural dos campos de pr\u00e9-sal da Bacia de Santos, no litoral do Sudeste); o Complexo de Energias Boaventura, antigamente chamado de Comperj, em Itabora\u00ed; a Refinaria Duque de Caxias (Reduc); e uma unidade da Braskem, tamb\u00e9m em Duque de Caxias. Esses tr\u00eas \u00faltimos ficam na regi\u00e3o metropolitana do Rio.<\/p>\n<blockquote><p>\u201cEstamos falando de um megaprojeto para o estado do Rio de Janeiro para al\u00e9m da explora\u00e7\u00e3o [de petr\u00f3leo] e produ\u00e7\u00e3o tradicionais\u201d, disse. \u201cO que estamos vendo \u00e9 um esfor\u00e7o muito grande para tudo dar certo, para agregar valor, agregar emprego e renda para a sociedade\u201d, completou Magda Chambriard.<\/p><\/blockquote>\n<p>A presidente da estatal disse que o projeto envolve um desenvolvimento industrial muito relacionado com as \u00e1reas de Duque de Caxias, Itabora\u00ed e arredores e que h\u00e1 uma grande cadeia de empresas que ser\u00e3o beneficiadas em outras regi\u00f5es.<\/p>\n<p><a href=\"https:\/\/www.whatsapp.com\/channel\/0029VaoRTgrInlqYLSk59B2M\" target=\"_blank\" rel=\"noopener\">&gt;&gt; Siga o canal da\u00a0<strong>Ag\u00eancia Brasil\u00a0<\/strong>no WhatsApp<\/a><\/p>\n<p>O detalhamento dos investimentos para os jornalistas aconteceu na sede da estatal, no Rio de Janeiro. Magda Chambriard\u00a0participou, via teleconfer\u00eancia, por estar Portugal. Ela retorna nesta sexta-feira (4), quando acompanhar\u00e1 a visita que o presidente Luiz In\u00e1cio Lula da Silva far\u00e1 \u00e0 Reduc, para conhecer os investimentos.<\/p>\n<p><strong>Os R$ 33 bilh\u00f5es s\u00e3o uma atualiza\u00e7\u00e3o do plano anunciado em setembro de 2024, que previa R$ 20 bilh\u00f5es. \u201cO projeto cresceu\u201d, afirmou a presidente da estatal.<\/strong><\/p>\n<h2>Reduc<\/h2>\n<p>A integra\u00e7\u00e3o entre a Reduc e o Complexo Boaventura responder\u00e1 por R$ 26 bilh\u00f5es do conjunto de investimento, com a gera\u00e7\u00e3o de 30 mil empregos diretos e indiretos.<\/p>\n<p>Na Reduc, haver\u00e1 amplia\u00e7\u00e3o da produ\u00e7\u00e3o do Diesel S10 (com teor reduzido de enxofre) em 76 mil barris por dia (bpd); acr\u00e9scimo de 20 mil bpd na produ\u00e7\u00e3o de querosene de avia\u00e7\u00e3o e 12 mil bpd de lubrificantes \u2013 que passar\u00e3o a ser processados a partir de petr\u00f3leo do pr\u00e9-sal, diminuindo a necessidade de importa\u00e7\u00e3o de petr\u00f3leo \u00e1rabe.<\/p>\n<p>A integra\u00e7\u00e3o entre as duas instala\u00e7\u00f5es possibilitar\u00e1 tamb\u00e9m produ\u00e7\u00e3o de combust\u00edvel sustent\u00e1vel de avia\u00e7\u00e3o (SAF) e o rerefino, que consiste no processamento de lubrificante usado.<\/p>\n<p>A Reduc passar\u00e1 por uma parada programada de manuten\u00e7\u00e3o, que custar\u00e1 R$ 2,4 bilh\u00f5es at\u00e9 2029. Esse dinheiro n\u00e3o est\u00e1 inclu\u00eddo no total de investimentos (capex, no jarg\u00e3o do mundo dos neg\u00f3cios), e sim no montante destinado \u00e0 opera\u00e7\u00e3o (opex). Dezoito mil pessoas devem ser empregadas no processo ainda neste ano.<\/p>\n<p>Haver\u00e1 tamb\u00e9m testes para coprocessamento, o que inclui o diesel R7, feito com 7% de conte\u00fado renov\u00e1vel, j\u00e1 a partir deste m\u00eas.\u00a0<strong>O diretor executivo de Processos Industriais e Produtos da Petrobras, William Fran\u00e7a, explicou que esse combust\u00edvel menos poluente j\u00e1 \u00e9 autorizado pela Ag\u00eancia Nacional do Petr\u00f3leo, G\u00e1s Natural e Biocombust\u00edveis (ANP).<\/strong><\/p>\n<blockquote><p>\u201cJ\u00e1 podemos hoje comercializar\u201d, afirmou Fran\u00e7a, que adiantou que a Petrobras iniciar\u00e1, tamb\u00e9m em julho, testes com 10% de conte\u00fado renov\u00e1vel, para formar o diesel R10.<\/p><\/blockquote>\n<h2>Menos importa\u00e7\u00e3o<\/h2>\n<p>O pacote de investimentos inclui estudos para a produ\u00e7\u00e3o de \u00e1cido ac\u00e9tico e monoetileno glicol no Complexo Boaventura. Esses dois produtos qu\u00edmicos s\u00e3o usados na produ\u00e7\u00e3o de tintas e pl\u00e1stico PET (polietileno tereftalato).<\/p>\n<p>O projeto visa reduzir a necessidade de importar esses elementos, uma vez que, atualmente, o Brasil precisa importar todo o \u00e1cido ac\u00e9tico usado no pa\u00eds.<\/p>\n<h2>Braskem<\/h2>\n<p>O pacote de investimentos anunciado inclui a unidade da Braskem em Duque de Caxias, cuja integra\u00e7\u00e3o permitir\u00e1 ampliar em 230 mil toneladas por ano de polietileno (material pl\u00e1stico). Devem ser criados 7,5 mil empregos diretos e indiretos.<\/p>\n<p>Apesar de a Petrobras deter 47% das a\u00e7\u00f5es com poder de voto da Braskem \u2013 uma companhia privada controlada pela Novonor (antiga Odebrecht) \u2013 os R$ 4,3 bilh\u00f5es em investimentos previstos para essa obra sair\u00e3o dos\u00a0 cofres da Braskem, seja do caixa ou at\u00e9 por meio de contrata\u00e7\u00e3o de d\u00edvida.<\/p>\n<p>Parte do investimento ainda precisa passar pela governan\u00e7a da Braskem. De acordo com o diretor presidente da companhia, Roberto Ramos, o projeto deve estar conclu\u00eddo em 2028. \u201cEspero que no primeiro semestre\u201d, disse aos jornalistas.<\/p>\n<p>Ainda segundo Ramos, a integra\u00e7\u00e3o permitir\u00e1 \u00e0 empresa importar menos mat\u00e9ria-prima dos Estados Unidos em troca do g\u00e1s natural brasileiro.<\/p>\n<h2>Termel\u00e9tricas<\/h2>\n<p>O pacote de investimentos at\u00e9 2029 inclui tr\u00eas usinas termel\u00e9tricas, cada uma com capacidade de 400 megawatts (MW), das quais, duas ficar\u00e3o no Complexo Boaventura. Tais unidades ter\u00e3o liga\u00e7\u00e3o com a Unidade de Processamento de G\u00e1s Natural (UPGN), que j\u00e1 existe no complexo, e s\u00e3o preparadas para participar de leil\u00e3o de energia demandada pelo governo.<\/p>\n<p>Na Reduc, uma das duas termel\u00e9tricas que existem ser\u00e1 renovada e ter\u00e1 capacidade de 50 MW. A renova\u00e7\u00e3o da estrutura, que data da d\u00e9cada de 60, consumir\u00e1 R$ 860 milh\u00f5es em investimentos e deve gerar 640 postos de trabalho diretos e indiretos.<\/p>\n<p>\u201cA Reduc \u00e9 uma refinaria intensiva em consumo energ\u00e9tico\u201d, disse William Fran\u00e7a.<\/p>\n<h2>Capital do petr\u00f3leo<\/h2>\n<p><strong>Segundo Magda Chambriard, o an\u00fancio de investimentos mostra que a empresa est\u00e1 de \u201cm\u00e3os dadas\u201d com o Rio de Janeiro. \u201cCapital do petr\u00f3leo no Brasil\u201d, disse.<\/strong><\/p>\n<p>De acordo com William Fran\u00e7a, al\u00e9m dos 38 mil empregos relacionados aos investimentos, h\u00e1 70 mil ligados \u00e0s atividades de manuten\u00e7\u00e3o da Reduc e Boaventura.\u00a0\u201cS\u00e3o mais de 100 mil empregos para o estado do Rio de Janeiro, \u00e9 muita coisa\u201d, afirmou. Ele acrescentou que todos os projetos anunciados est\u00e3o \u201ccaminhando muito bem\u201d, em termos de licen\u00e7a de opera\u00e7\u00e3o e sem judicializa\u00e7\u00e3o.<\/p>\n<p>Fonte: Ag\u00eancia Brasil<\/p>\n","protected":false},"excerpt":{"rendered":"<p>A Petrobras detalhou nesta quinta-feira (3) os investimentos que v\u00e3o superar R$ 33 bilh\u00f5es nas \u00e1reas de refino e petroqu\u00edmica no estado do Rio de&#8230;<\/p>\n","protected":false},"author":1527,"featured_media":60081,"comment_status":"closed","ping_status":"closed","sticky":false,"template":"","format":"standard","meta":{"footnotes":""},"categories":[6],"tags":[],"class_list":["post-60080","post","type-post","status-publish","format-standard","has-post-thumbnail","hentry","category-noticias"],"_links":{"self":[{"href":"https:\/\/www.sincomam.org.br\/index.php\/wp-json\/wp\/v2\/posts\/60080","targetHints":{"allow":["GET"]}}],"collection":[{"href":"https:\/\/www.sincomam.org.br\/index.php\/wp-json\/wp\/v2\/posts"}],"about":[{"href":"https:\/\/www.sincomam.org.br\/index.php\/wp-json\/wp\/v2\/types\/post"}],"author":[{"embeddable":true,"href":"https:\/\/www.sincomam.org.br\/index.php\/wp-json\/wp\/v2\/users\/1527"}],"replies":[{"embeddable":true,"href":"https:\/\/www.sincomam.org.br\/index.php\/wp-json\/wp\/v2\/comments?post=60080"}],"version-history":[{"count":1,"href":"https:\/\/www.sincomam.org.br\/index.php\/wp-json\/wp\/v2\/posts\/60080\/revisions"}],"predecessor-version":[{"id":60082,"href":"https:\/\/www.sincomam.org.br\/index.php\/wp-json\/wp\/v2\/posts\/60080\/revisions\/60082"}],"wp:featuredmedia":[{"embeddable":true,"href":"https:\/\/www.sincomam.org.br\/index.php\/wp-json\/wp\/v2\/media\/60081"}],"wp:attachment":[{"href":"https:\/\/www.sincomam.org.br\/index.php\/wp-json\/wp\/v2\/media?parent=60080"}],"wp:term":[{"taxonomy":"category","embeddable":true,"href":"https:\/\/www.sincomam.org.br\/index.php\/wp-json\/wp\/v2\/categories?post=60080"},{"taxonomy":"post_tag","embeddable":true,"href":"https:\/\/www.sincomam.org.br\/index.php\/wp-json\/wp\/v2\/tags?post=60080"}],"curies":[{"name":"wp","href":"https:\/\/api.w.org\/{rel}","templated":true}]}}