{"id":60077,"date":"2025-07-04T02:11:14","date_gmt":"2025-07-04T05:11:14","guid":{"rendered":"https:\/\/www.sincomam.org.br\/?p=60077"},"modified":"2025-07-04T02:11:14","modified_gmt":"2025-07-04T05:11:14","slug":"simposio-internacional-debate-a-seguranca-maritima-do-atlantico","status":"publish","type":"post","link":"https:\/\/www.sincomam.org.br\/index.php\/simposio-internacional-debate-a-seguranca-maritima-do-atlantico\/","title":{"rendered":"Simp\u00f3sio internacional debate a seguran\u00e7a mar\u00edtima do Atl\u00e2ntico"},"content":{"rendered":"<p class=\"text-align-justify\">De 30 de junho a 2 de julho, autoridades e especialistas de pa\u00edses das Am\u00e9ricas, da \u00c1frica e da Europa se reuniram no 2\u00ba Simp\u00f3sio de Seguran\u00e7a Mar\u00edtima Transatl\u00e2ntica para examinar as amea\u00e7as atuais e potenciais \u00e0 seguran\u00e7a no Atl\u00e2ntico, bem como estrat\u00e9gias de coopera\u00e7\u00e3o regional. O evento foi promovido pela Marinha do Brasil (MB), por meio do Centro de Estudos Pol\u00edtico-Estrat\u00e9gicos da Marinha (CEPE-MB), em parceria com a Escola de Guerra Naval (EGN), o Centro William J. Perry de Estudos de Defesa Hemisf\u00e9rica (<em>William J. Perry Center for Hemispheric Defense Studies, WJP<\/em>C, EUA) e o Centro Africano de Estudos Estrat\u00e9gicos (Africa <em>Center for Strategic Studie<\/em>s).<\/p>\n<p class=\"text-align-justify\">\u201cN\u00e3o podemos pensar que estamos blindados, pois as perturba\u00e7\u00f5es que ocorrem em outros lugares podem chegar ao Atl\u00e2ntico\u201d, observou o Presidente do CEPE-MB, Almirante de Esquadra (Fuzileiro Naval) Paulo Martino Zuccaro, durante a abertura do simp\u00f3sio, sediado na EGN, no Rio de Janeiro.<\/p>\n<p class=\"text-align-justify\">O Chefe do Estado-Maior da Armada, Almirante de Esquadra Arthur Fernando Bettega Corr\u00eaa, proferiu a confer\u00eancia principal e destacou que vivenciamos a ascens\u00e3o de uma nova ordem multipolar, na qual pot\u00eancias tradicionais e emergentes disputam espa\u00e7o e influ\u00eancia, inclusive no dom\u00ednio mar\u00edtimo.<\/p>\n<p class=\"text-align-justify\">O Almirante Bettega acrescentou que a seguran\u00e7a mar\u00edtima n\u00e3o \u00e9 monop\u00f3lio de nenhuma na\u00e7\u00e3o. \u201cTrata-se de um bem p\u00fablico internacional, que deve ser protegido por meio de esfor\u00e7os coletivos, balizados pela governan\u00e7a internacional e sustentados pela responsabilidade compartilhada.\u201d Reafirmou, ainda, o compromisso do Brasil com a estabilidade e a paz no Atl\u00e2ntico, destacando a Zona de Paz e Coopera\u00e7\u00e3o do Atl\u00e2ntico Sul (ZOPACAS), da qual o Pa\u00eds \u00e9 membro desde sua cria\u00e7\u00e3o, em 1986, como express\u00e3o concreta desse compromisso.<\/p>\n<h5 class=\"text-align-justify\">Conhecimento e coopera\u00e7\u00e3o<\/h5>\n<p class=\"text-align-justify\">O simp\u00f3sio incluiu pain\u00e9is, mesas-redondas e grupos de discuss\u00e3o. O primeiro tema abordado foi a Consci\u00eancia Situacional do Dom\u00ednio Mar\u00edtimo, com painelistas da MB, dos Estados Unidos da Am\u00e9rica (EUA) e da Fran\u00e7a, contando tamb\u00e9m com a participa\u00e7\u00e3o do Almirante Nuno Bragan\u00e7a, representante do Centro do Atl\u00e2ntico (<em>Atlantic Centre<\/em>), institui\u00e7\u00e3o sediada em Portugal. O Comandante de Opera\u00e7\u00f5es Mar\u00edtimas e de Prote\u00e7\u00e3o da Amaz\u00f4nia Azul (COMPAAz), Capit\u00e3o de Mar e Guerra Ricardo Simonaio Morata, destacou a import\u00e2ncia da integra\u00e7\u00e3o de sistemas e de acordos para aprimorar a consci\u00eancia situacional mar\u00edtima, a fim de identificar riscos e amea\u00e7as.<\/p>\n<p>Fonte: Ag\u00eancia Marinha de Not\u00edcias<\/p>\n","protected":false},"excerpt":{"rendered":"<p>De 30 de junho a 2 de julho, autoridades e especialistas de pa\u00edses das Am\u00e9ricas, da \u00c1frica e da Europa se reuniram no 2\u00ba Simp\u00f3sio&#8230;<\/p>\n","protected":false},"author":1527,"featured_media":60078,"comment_status":"closed","ping_status":"closed","sticky":false,"template":"","format":"standard","meta":{"footnotes":""},"categories":[6],"tags":[],"class_list":["post-60077","post","type-post","status-publish","format-standard","has-post-thumbnail","hentry","category-noticias"],"_links":{"self":[{"href":"https:\/\/www.sincomam.org.br\/index.php\/wp-json\/wp\/v2\/posts\/60077","targetHints":{"allow":["GET"]}}],"collection":[{"href":"https:\/\/www.sincomam.org.br\/index.php\/wp-json\/wp\/v2\/posts"}],"about":[{"href":"https:\/\/www.sincomam.org.br\/index.php\/wp-json\/wp\/v2\/types\/post"}],"author":[{"embeddable":true,"href":"https:\/\/www.sincomam.org.br\/index.php\/wp-json\/wp\/v2\/users\/1527"}],"replies":[{"embeddable":true,"href":"https:\/\/www.sincomam.org.br\/index.php\/wp-json\/wp\/v2\/comments?post=60077"}],"version-history":[{"count":1,"href":"https:\/\/www.sincomam.org.br\/index.php\/wp-json\/wp\/v2\/posts\/60077\/revisions"}],"predecessor-version":[{"id":60079,"href":"https:\/\/www.sincomam.org.br\/index.php\/wp-json\/wp\/v2\/posts\/60077\/revisions\/60079"}],"wp:featuredmedia":[{"embeddable":true,"href":"https:\/\/www.sincomam.org.br\/index.php\/wp-json\/wp\/v2\/media\/60078"}],"wp:attachment":[{"href":"https:\/\/www.sincomam.org.br\/index.php\/wp-json\/wp\/v2\/media?parent=60077"}],"wp:term":[{"taxonomy":"category","embeddable":true,"href":"https:\/\/www.sincomam.org.br\/index.php\/wp-json\/wp\/v2\/categories?post=60077"},{"taxonomy":"post_tag","embeddable":true,"href":"https:\/\/www.sincomam.org.br\/index.php\/wp-json\/wp\/v2\/tags?post=60077"}],"curies":[{"name":"wp","href":"https:\/\/api.w.org\/{rel}","templated":true}]}}