{"id":60074,"date":"2025-07-04T02:04:52","date_gmt":"2025-07-04T05:04:52","guid":{"rendered":"https:\/\/www.sincomam.org.br\/?p=60074"},"modified":"2025-07-04T02:04:52","modified_gmt":"2025-07-04T05:04:52","slug":"congresso-direito-maritimo-e-portuario-acontecera-em-itajai-sc-em-agosto-inscricoes-estao-abertas","status":"publish","type":"post","link":"https:\/\/www.sincomam.org.br\/index.php\/congresso-direito-maritimo-e-portuario-acontecera-em-itajai-sc-em-agosto-inscricoes-estao-abertas\/","title":{"rendered":"Congresso Direito Mar\u00edtimo e Portu\u00e1rio acontecer\u00e1 em Itaja\u00ed (SC) em agosto: inscri\u00e7\u00f5es est\u00e3o abertas"},"content":{"rendered":"<p>O XII Congresso Estadual de Direito Mar\u00edtimo e Portu\u00e1rio e X Workshop \u2013 Temas Atuais de Direito Mar\u00edtimo, Portu\u00e1rio e Aduaneiro acontecer\u00e3o nos dias 21 e 22 de agosto em Itaja\u00ed (SC). O evento tem por objetivo trazer palestras correlatas \u00e0s tem\u00e1ticas de Direito Aduaneiro, Mar\u00edtimo e Portu\u00e1rio, considerando a ascens\u00e3o e a complexidade das \u00e1reas.<\/p>\n<p><strong>Inscri\u00e7\u00f5es:<\/strong>\u00a0https:\/\/www.sympla.com.br\/evento\/xii-congresso-estadual-de-direito-maritimo-e-portuario-x-workshop-temas-atuais-de-direito-aduaneiro\/3010742<\/p>\n","protected":false},"excerpt":{"rendered":"<p>O XII Congresso Estadual de Direito Mar\u00edtimo e Portu\u00e1rio e X Workshop \u2013 Temas Atuais de Direito Mar\u00edtimo, Portu\u00e1rio e Aduaneiro acontecer\u00e3o nos dias 21&#8230;<\/p>\n","protected":false},"author":1527,"featured_media":60075,"comment_status":"closed","ping_status":"closed","sticky":false,"template":"","format":"standard","meta":{"footnotes":""},"categories":[6],"tags":[],"class_list":["post-60074","post","type-post","status-publish","format-standard","has-post-thumbnail","hentry","category-noticias"],"_links":{"self":[{"href":"https:\/\/www.sincomam.org.br\/index.php\/wp-json\/wp\/v2\/posts\/60074","targetHints":{"allow":["GET"]}}],"collection":[{"href":"https:\/\/www.sincomam.org.br\/index.php\/wp-json\/wp\/v2\/posts"}],"about":[{"href":"https:\/\/www.sincomam.org.br\/index.php\/wp-json\/wp\/v2\/types\/post"}],"author":[{"embeddable":true,"href":"https:\/\/www.sincomam.org.br\/index.php\/wp-json\/wp\/v2\/users\/1527"}],"replies":[{"embeddable":true,"href":"https:\/\/www.sincomam.org.br\/index.php\/wp-json\/wp\/v2\/comments?post=60074"}],"version-history":[{"count":1,"href":"https:\/\/www.sincomam.org.br\/index.php\/wp-json\/wp\/v2\/posts\/60074\/revisions"}],"predecessor-version":[{"id":60076,"href":"https:\/\/www.sincomam.org.br\/index.php\/wp-json\/wp\/v2\/posts\/60074\/revisions\/60076"}],"wp:featuredmedia":[{"embeddable":true,"href":"https:\/\/www.sincomam.org.br\/index.php\/wp-json\/wp\/v2\/media\/60075"}],"wp:attachment":[{"href":"https:\/\/www.sincomam.org.br\/index.php\/wp-json\/wp\/v2\/media?parent=60074"}],"wp:term":[{"taxonomy":"category","embeddable":true,"href":"https:\/\/www.sincomam.org.br\/index.php\/wp-json\/wp\/v2\/categories?post=60074"},{"taxonomy":"post_tag","embeddable":true,"href":"https:\/\/www.sincomam.org.br\/index.php\/wp-json\/wp\/v2\/tags?post=60074"}],"curies":[{"name":"wp","href":"https:\/\/api.w.org\/{rel}","templated":true}]}}