{"id":60037,"date":"2025-07-02T00:11:29","date_gmt":"2025-07-02T03:11:29","guid":{"rendered":"https:\/\/www.sincomam.org.br\/?p=60037"},"modified":"2025-07-02T00:11:29","modified_gmt":"2025-07-02T03:11:29","slug":"saiba-como-sera-a-atuacao-dos-navios-da-marinha-na-glo-da-cupula-dos-brics","status":"publish","type":"post","link":"https:\/\/www.sincomam.org.br\/index.php\/saiba-como-sera-a-atuacao-dos-navios-da-marinha-na-glo-da-cupula-dos-brics\/","title":{"rendered":"Saiba como ser\u00e1 a atua\u00e7\u00e3o dos navios da Marinha na GLO da C\u00fapula dos BRICS"},"content":{"rendered":"<p class=\"text-align-justify\">Com um efetivo de cerca de 2 mil militares e mais de 100 meios navais, aeronavais e de Fuzileiros Navais, a Marinha do Brasil (MB) realiza a seguran\u00e7a mar\u00edtima e litor\u00e2nea da cidade do Rio de Janeiro (RJ), onde ocorre a reuni\u00e3o de C\u00fapula dos BRICS, nos dias 6 e 7 de julho. A MB ativou uma For\u00e7a Naval Componente (FNC) que atua entre os dias 2 e 9 de julho, a fim de promover a seguran\u00e7a de uma \u00e1rea mar\u00edtima de 270,68 km\u00b2, que compreende as praias de Copacabana, Ipanema, Leblon, S\u00e3o Conrado e Recreio, bem como a Marina da Gl\u00f3ria \u2013 onde ser\u00e1 realizada a reuni\u00e3o de l\u00edderes mundiais \u2013 e outras \u00e1reas de interesse, como a Ba\u00eda de Guanabara e as infraestruturas cr\u00edticas, como cabos submarinos e oleodutos.<\/p>\n<p class=\"text-align-justify\">A atua\u00e7\u00e3o da FNC, em articula\u00e7\u00e3o com os demais \u00f3rg\u00e3os de seguran\u00e7a p\u00fablica, tem como objetivo garantir a seguran\u00e7a e o bem-estar dos Chefes de Estado, autoridades de bancos centrais e delega\u00e7\u00f5es dos pa\u00edses-membros dos BRICS que estar\u00e3o no Pa\u00eds, al\u00e9m da popula\u00e7\u00e3o e de turistas. Com a ativa\u00e7\u00e3o do Comando Operacional Conjunto Redentor, sob a coordena\u00e7\u00e3o do Minist\u00e9rio da Defesa, foram atribu\u00eddas \u00e0 FNC responsabilidades nas \u00e1reas mar\u00edtimas e litor\u00e2neas da capital fluminense.<\/p>\n<p class=\"text-align-justify\">No mar, a MB atua realizando atividades de patrulha naval, patrulhamento e controle de \u00e1rea mar\u00edtima e interdi\u00e7\u00e3o de \u00e1reas mar\u00edtimas. Dentro desse escopo, a For\u00e7a promover\u00e1, por exemplo, interdi\u00e7\u00f5es de \u00e1reas mar\u00edtimas pr\u00f3ximas aos locais de reuni\u00f5es dos BRICS, em especial nas proximidades do Museu de Arte Moderna e da Marina da Gl\u00f3ria. Estar\u00e1, ainda, em condi\u00e7\u00f5es de realizar opera\u00e7\u00f5es de mergulho e de prote\u00e7\u00e3o de infraestruturas cr\u00edticas, bem como pronta para ser empregada no transporte de tropas do Corpo de Fuzileiros Navais (CFN) e na evacua\u00e7\u00e3o de autoridades em caso de eventual necessidade.<\/p>\n<p class=\"text-align-justify\">J\u00e1 em terra, com tropas do CFN especializadas e capazes de pronta resposta, a For\u00e7a Naval Componente tem como atribui\u00e7\u00f5es as a\u00e7\u00f5es de vigil\u00e2ncia e seguran\u00e7a de per\u00edmetro, al\u00e9m de estar em condi\u00e7\u00f5es de refor\u00e7ar a seguran\u00e7a dos locais sens\u00edveis, de realizar a\u00e7\u00f5es contra amea\u00e7as nucleares, biol\u00f3gicas, qu\u00edmicas e radiol\u00f3gicas (NBQR), patrulhamento de vias e controle de dist\u00farbios. Tamb\u00e9m exerce fun\u00e7\u00e3o estrat\u00e9gica na prote\u00e7\u00e3o de locais de eventos, de hospedagens e de infraestruturas cr\u00edticas na regi\u00e3o litor\u00e2nea do Rio de Janeiro. A atua\u00e7\u00e3o inclui resposta t\u00e1tica a incidentes de seguran\u00e7a e o apoio \u00e0 evacua\u00e7\u00e3o de autoridades, ampliando o alcance das medidas preventivas e refor\u00e7ando o ambiente seguro durante a C\u00fapula.<\/p>\n<p class=\"text-align-justify\">O Comandante da FNC, Contra-Almirante Robledo de Lemos Costa e S\u00e1, destaca o car\u00e1ter de coopera\u00e7\u00e3o e integra\u00e7\u00e3o da opera\u00e7\u00e3o.<\/p>\n<figure class=\"bg-light p-3 p-md-5 my-3 rounded\">\n<blockquote class=\"blockquote\"><p>O esfor\u00e7o sin\u00e9rgico das For\u00e7as Armadas e demais institui\u00e7\u00f5es para a seguran\u00e7a da C\u00fapula de L\u00edderes dos BRICS reflete a preocupa\u00e7\u00e3o com a seguran\u00e7a da popula\u00e7\u00e3o, dos visitantes e dos l\u00edderes globais durante o evento\u201d, reitera.<\/p><\/blockquote>\n<\/figure>\n<h5 class=\"text-align-justify\">Seguran\u00e7a mar\u00edtima contra amea\u00e7as<\/h5>\n<p class=\"text-align-justify\">A seguran\u00e7a mar\u00edtima da orla do Rio de Janeiro imp\u00f5e uma s\u00e9rie de desafios para a garantia da seguran\u00e7a das lideran\u00e7as globais que estar\u00e3o na cidade, da popula\u00e7\u00e3o carioca e de visitantes. Esses obst\u00e1culos, por\u00e9m, s\u00e3o superados com treinamentos intensos.<\/p>\n<figure class=\"bg-light p-3 p-md-5 my-3 rounded\">\n<blockquote class=\"blockquote\"><p>A prepara\u00e7\u00e3o da MB para atua\u00e7\u00e3o em opera\u00e7\u00f5es reais faz parte da rotina da For\u00e7a, que se encontra sempre pronta. As tripula\u00e7\u00f5es dos navios e dos meios aeronavais, al\u00e9m das tropas e meios do CFN, realizam diversos tipos de exerc\u00edcios, no \u00e2mbito nacional e internacional, de modo a garantir o pronto emprego quando a For\u00e7a for acionada\u201d, afirma o Contra-Almirante Robledo.<\/p><\/blockquote>\n<\/figure>\n<p class=\"text-align-justify\">\u201cNo caso espec\u00edfico da GLO da C\u00fapula dos BRICS, os preparativos incluem um minucioso planejamento das poss\u00edveis amea\u00e7as envolvidas no evento e suas respectivas an\u00e1lises de risco, bem como as medidas preventivas e reativas a elas, sob a \u00e9gide do Minist\u00e9rio da Defesa\u201d, conclui.<\/p>\n<figure><figcaption class=\"text-end text-dark-emphasis pe-2\">Os meios navais e de Fuzileiros Navais da Marinha do Brasil ser\u00e3o utilizados na seguran\u00e7a da C\u00fapula dos BRICS neste ano \u2013 Imagem: Marinha do Brasil<\/figcaption><\/figure>\n<p class=\"text-align-justify\"><strong>Conhe\u00e7a alguns dos meios navais, aeronavais e de Fuzileiros Navais que participar\u00e3o da GLO da C\u00fapula dos BRICS:<\/strong><\/p>\n<p class=\"text-align-justify\">\u00a0<strong>\u2022 Fragatas Classe \u201cNiter\u00f3i\u201d:<\/strong> navios-escolta, podem localizar e destruir aeronaves, navios de superf\u00edcie e submarinos inimigos, al\u00e9m de efetuar patrulhas nas nossas \u00e1guas;<\/p>\n<p class=\"text-align-justify\">\u00a0<strong>\u2022 Navios-Patrulha Oce\u00e2nicos da Classe \u201cAmazonas\u201d: <\/strong>embarca\u00e7\u00f5es projetadas para miss\u00f5es de patrulha naval, inspe\u00e7\u00e3o e prote\u00e7\u00e3o das \u00e1guas jurisdicionais brasileiras;<\/p>\n<p class=\"text-align-justify\">\u00a0<strong>\u2022 Navios-Patrulha e Avisos de Patrulha: <\/strong>protegem as \u00e1guas brasileiras, garantindo os interesses nacionais no mar com a\u00e7\u00f5es de vigil\u00e2ncia e patrulhamento;<\/p>\n<p class=\"text-align-justify\">\u00a0<strong>\u2022 Embarca\u00e7\u00f5es de Desembarque:<\/strong> empregadas no transporte de tropas, viaturas e equipamentos do navio para terra, emprestando grande mobilidade no deslocamento e nas a\u00e7\u00f5es das tropas do CFN;<\/p>\n<p class=\"text-align-justify\">\u00a0<strong>\u2022 Aeronave UH-15 (Super Cougar):<\/strong> helic\u00f3pteros multimiss\u00e3o, empregados em tarefas de apoio a opera\u00e7\u00f5es especiais, opera\u00e7\u00f5es terrestres de car\u00e1ter naval, al\u00e9m de atividades benignas e de emprego limitado da for\u00e7a, tais como evacua\u00e7\u00e3o aerom\u00e9dica, busca e salvamento, transporte a\u00e9reo log\u00edstico e combate a inc\u00eandio;<\/p>\n<p class=\"text-align-justify\">\u00a0<strong>\u2022 AH-11B (Lince):<\/strong> integra os sistemas de armas dos navios de superf\u00edcie da Esquadra, para ampliar as possibilidades dos sensores de bordo e a capacidade de rea\u00e7\u00e3o dos navios. \u00c9 usada tamb\u00e9m nas tarefas de evacua\u00e7\u00e3o aerom\u00e9dica, busca e salvamento, apoio log\u00edstico m\u00f3vel, espotagem de tiro de superf\u00edcie, calibragem de radares e pode ser empregada em apoio a elementos de opera\u00e7\u00f5es especiais;<\/p>\n<p class=\"text-align-justify\">\u00a0<strong>\u2022 CLAnf (Carro Lagarta Anf\u00edbio):<\/strong> ve\u00edculo blindado anf\u00edbio utilizado no transporte de tropas do mar para terra, conferindo prote\u00e7\u00e3o blindada e mobilidade \u00e0s a\u00e7\u00f5es do CFN em opera\u00e7\u00f5es de desembarque e combate terrestre;<\/p>\n<p class=\"text-align-justify\">\u00a0<strong>\u2022 Piranha III-C:<\/strong> viatura blindada sobre rodas com alta mobilidade e prote\u00e7\u00e3o bal\u00edstica, empregada no transporte de tropas, apoio de fogo e miss\u00f5es de patrulha em \u00e1reas urbanas ou terrenos dif\u00edceis;<\/p>\n<p class=\"text-align-justify\">\u00a0<strong>\u2022 JLTV (do ingl\u00eas, <\/strong><em><strong>Joint Light Tactical Vehicle<\/strong><\/em><strong>):<\/strong> viatura leve t\u00e1tica com alta capacidade de mobilidade e prote\u00e7\u00e3o, usada em miss\u00f5es de reconhecimento, comando e controle, transporte de tropas e apoio log\u00edstico em diferentes tipos de terreno.<\/p>\n<h5 class=\"text-align-justify\">A Marinha em eventos internacionais<\/h5>\n<p class=\"text-align-justify\">A participa\u00e7\u00e3o da Marinha ocorre devido \u00e0 Opera\u00e7\u00e3o de Garantia da Lei e da Ordem (GLO), coordenada pelo Minist\u00e9rio da Defesa. H\u00e1 mais de tr\u00eas d\u00e9cadas, a For\u00e7a vem participando de grandes eventos internacionais em territ\u00f3rio brasileiro, refor\u00e7ando as a\u00e7\u00f5es de seguran\u00e7a. A MB atuou pela primeira vez na ECO-92 (1992). Desde ent\u00e3o, participou dos Jogos Mundiais Militares (2011), da Rio +20 (2012), da Copa das Confedera\u00e7\u00f5es (2013), da visita do Papa Francisco \u00e0 Aparecida (2013), da Copa do Mundo de Futebol (2014) e dos Jogos Ol\u00edmpicos (2016).Fonte: Ag\u00eancia Marinha de Not\u00edcias<\/p>\n","protected":false},"excerpt":{"rendered":"<p>Com um efetivo de cerca de 2 mil militares e mais de 100 meios navais, aeronavais e de Fuzileiros Navais, a Marinha do Brasil (MB)&#8230;<\/p>\n","protected":false},"author":1527,"featured_media":60038,"comment_status":"closed","ping_status":"closed","sticky":false,"template":"","format":"standard","meta":{"footnotes":""},"categories":[6],"tags":[],"class_list":["post-60037","post","type-post","status-publish","format-standard","has-post-thumbnail","hentry","category-noticias"],"_links":{"self":[{"href":"https:\/\/www.sincomam.org.br\/index.php\/wp-json\/wp\/v2\/posts\/60037","targetHints":{"allow":["GET"]}}],"collection":[{"href":"https:\/\/www.sincomam.org.br\/index.php\/wp-json\/wp\/v2\/posts"}],"about":[{"href":"https:\/\/www.sincomam.org.br\/index.php\/wp-json\/wp\/v2\/types\/post"}],"author":[{"embeddable":true,"href":"https:\/\/www.sincomam.org.br\/index.php\/wp-json\/wp\/v2\/users\/1527"}],"replies":[{"embeddable":true,"href":"https:\/\/www.sincomam.org.br\/index.php\/wp-json\/wp\/v2\/comments?post=60037"}],"version-history":[{"count":2,"href":"https:\/\/www.sincomam.org.br\/index.php\/wp-json\/wp\/v2\/posts\/60037\/revisions"}],"predecessor-version":[{"id":60040,"href":"https:\/\/www.sincomam.org.br\/index.php\/wp-json\/wp\/v2\/posts\/60037\/revisions\/60040"}],"wp:featuredmedia":[{"embeddable":true,"href":"https:\/\/www.sincomam.org.br\/index.php\/wp-json\/wp\/v2\/media\/60038"}],"wp:attachment":[{"href":"https:\/\/www.sincomam.org.br\/index.php\/wp-json\/wp\/v2\/media?parent=60037"}],"wp:term":[{"taxonomy":"category","embeddable":true,"href":"https:\/\/www.sincomam.org.br\/index.php\/wp-json\/wp\/v2\/categories?post=60037"},{"taxonomy":"post_tag","embeddable":true,"href":"https:\/\/www.sincomam.org.br\/index.php\/wp-json\/wp\/v2\/tags?post=60037"}],"curies":[{"name":"wp","href":"https:\/\/api.w.org\/{rel}","templated":true}]}}