{"id":60023,"date":"2025-07-02T00:07:37","date_gmt":"2025-07-02T03:07:37","guid":{"rendered":"https:\/\/www.sincomam.org.br\/?p=60023"},"modified":"2025-07-02T00:07:37","modified_gmt":"2025-07-02T03:07:37","slug":"portos-e-cidades-integracao-que-impulsiona-o-futuro","status":"publish","type":"post","link":"https:\/\/www.sincomam.org.br\/index.php\/portos-e-cidades-integracao-que-impulsiona-o-futuro\/","title":{"rendered":"Portos e cidades: integra\u00e7\u00e3o que impulsiona o futuro"},"content":{"rendered":"<p>A rela\u00e7\u00e3o entre os portos e as cidades onde est\u00e3o inseridos \u00e9 cada vez mais estrat\u00e9gica para o desenvolvimento regional. Essa conviv\u00eancia envolve a integra\u00e7\u00e3o entre a infraestrutura portu\u00e1ria \u2014 essencial para o com\u00e9rcio internacional \u2014 e o tecido urbano, impactando diretamente a economia, o meio ambiente e a qualidade de vida da popula\u00e7\u00e3o.<\/p>\n<p>Os portos contam com infraestrutura aquavi\u00e1ria (como canais de acesso, cais e ber\u00e7os de atraca\u00e7\u00e3o) e terrestre (p\u00e1tios, armaz\u00e9ns, vias e equipamentos como guindastes e sistemas de movimenta\u00e7\u00e3o de cont\u00eaineres). Toda essa engrenagem movimenta cargas, gera empregos e estimula cadeias produtivas locais.<\/p>\n<p>No entanto, os impactos dessa presen\u00e7a s\u00e3o complexos. Al\u00e9m dos benef\u00edcios econ\u00f4micos, as atividades portu\u00e1rias podem gerar polui\u00e7\u00e3o, pressionar sistemas de moradia e mobilidade urbana, al\u00e9m de representar desafios \u00e0 preserva\u00e7\u00e3o ambiental. Por isso, a boa integra\u00e7\u00e3o entre porto e cidade \u00e9 fundamental.<\/p>\n<p>A diretora de Sustentabilidade do Minist\u00e9rio de Portos e Aeroportos, Larissa Carolina Amorim dos Santos, explica que a rela\u00e7\u00e3o porto-cidade no Brasil ainda enfrenta desafios hist\u00f3ricos de integra\u00e7\u00e3o, resultado de um longo processo de afastamento f\u00edsico, social e institucional entre os portos e os centros urbanos que os abrigam. \u201cNo entanto, temos observado avan\u00e7os importantes, especialmente no reconhecimento da import\u00e2ncia dessa integra\u00e7\u00e3o para a sustentabilidade das opera\u00e7\u00f5es portu\u00e1rias e para o desenvolvimento regional\u201d, pontua.<\/p>\n<p>Fonte: Informativo dos Portos<\/p>\n","protected":false},"excerpt":{"rendered":"<p>A rela\u00e7\u00e3o entre os portos e as cidades onde est\u00e3o inseridos \u00e9 cada vez mais estrat\u00e9gica para o desenvolvimento regional. Essa conviv\u00eancia envolve a integra\u00e7\u00e3o&#8230;<\/p>\n","protected":false},"author":1527,"featured_media":60035,"comment_status":"closed","ping_status":"closed","sticky":false,"template":"","format":"standard","meta":{"footnotes":""},"categories":[6],"tags":[],"class_list":["post-60023","post","type-post","status-publish","format-standard","has-post-thumbnail","hentry","category-noticias"],"_links":{"self":[{"href":"https:\/\/www.sincomam.org.br\/index.php\/wp-json\/wp\/v2\/posts\/60023","targetHints":{"allow":["GET"]}}],"collection":[{"href":"https:\/\/www.sincomam.org.br\/index.php\/wp-json\/wp\/v2\/posts"}],"about":[{"href":"https:\/\/www.sincomam.org.br\/index.php\/wp-json\/wp\/v2\/types\/post"}],"author":[{"embeddable":true,"href":"https:\/\/www.sincomam.org.br\/index.php\/wp-json\/wp\/v2\/users\/1527"}],"replies":[{"embeddable":true,"href":"https:\/\/www.sincomam.org.br\/index.php\/wp-json\/wp\/v2\/comments?post=60023"}],"version-history":[{"count":1,"href":"https:\/\/www.sincomam.org.br\/index.php\/wp-json\/wp\/v2\/posts\/60023\/revisions"}],"predecessor-version":[{"id":60036,"href":"https:\/\/www.sincomam.org.br\/index.php\/wp-json\/wp\/v2\/posts\/60023\/revisions\/60036"}],"wp:featuredmedia":[{"embeddable":true,"href":"https:\/\/www.sincomam.org.br\/index.php\/wp-json\/wp\/v2\/media\/60035"}],"wp:attachment":[{"href":"https:\/\/www.sincomam.org.br\/index.php\/wp-json\/wp\/v2\/media?parent=60023"}],"wp:term":[{"taxonomy":"category","embeddable":true,"href":"https:\/\/www.sincomam.org.br\/index.php\/wp-json\/wp\/v2\/categories?post=60023"},{"taxonomy":"post_tag","embeddable":true,"href":"https:\/\/www.sincomam.org.br\/index.php\/wp-json\/wp\/v2\/tags?post=60023"}],"curies":[{"name":"wp","href":"https:\/\/api.w.org\/{rel}","templated":true}]}}