{"id":60010,"date":"2025-07-01T06:00:58","date_gmt":"2025-07-01T09:00:58","guid":{"rendered":"https:\/\/www.sincomam.org.br\/?p=60010"},"modified":"2025-06-30T22:25:25","modified_gmt":"2025-07-01T01:25:25","slug":"brasil-tem-saldo-positivo-de-1489-mil-empregos-com-carteira-assinada","status":"publish","type":"post","link":"https:\/\/www.sincomam.org.br\/index.php\/brasil-tem-saldo-positivo-de-1489-mil-empregos-com-carteira-assinada\/","title":{"rendered":"Brasil tem saldo positivo de 148,9 mil empregos com carteira assinada"},"content":{"rendered":"<p>O Brasil fechou o m\u00eas de maio com saldo positivo de 148.992 postos de trabalho com carteira assinada. O balan\u00e7o \u00e9 do Novo Cadastro Geral de Empregados e Desempregados (Novo Caged) divulgado nesta segunda-feira (30), em Bras\u00edlia, pelo Minist\u00e9rio do Trabalho e Emprego (MTE).<img decoding=\"async\" src=\"https:\/\/agenciabrasil.ebc.com.br\/ebc.png?id=1648938&amp;o=node\" \/><img decoding=\"async\" src=\"https:\/\/agenciabrasil.ebc.com.br\/ebc.gif?id=1648938&amp;o=node\" \/><\/p>\n<p>No acumulado do ano, de janeiro a maio, o pa\u00eds gerou 1.051.244 mil novas vagas, um crescimento de 2,3%. O estoque de empregos formais no pa\u00eds \u00e9 de 48.251.304.<\/p>\n<p>O resultado do m\u00eas passado decorreu de 2.256.225 admiss\u00f5es e de 2.107.233 desligamentos no per\u00edodo. Os cinco grupamentos principais resultaram em gera\u00e7\u00e3o positiva de empregos, liderado pelo setor servi\u00e7os com saldo de 70.139, seguido por com\u00e9rcio, com\u00a023.258.<\/p>\n<p><strong>Ind\u00fastria e agropecu\u00e1ria<\/strong><\/p>\n<p>Na ind\u00fastria, foram\u00a021.569 novos empregos gerados, enquanto na agropecu\u00e1ria o saldo positivo foi de 17.348 e, na constru\u00e7\u00e3o civil, o n\u00famero de novos empregos gerados \u00e9 de 16.678.<\/p>\n<p>Entre os estados, os maiores geradores de emprego foram S\u00e3o Paulo (+33.313), Minas Gerais (+20.287) e Rio de Janeiro (+13.642). O maior crescimento relativo ocorreu no Acre, com varia\u00e7\u00e3o de 1,24%. O saldo negativo foi verificado apenas no Rio Grande do Sul, com total negativo de 115 vagas de emprego.<\/p>\n<p>No m\u00eas de maio, a gera\u00e7\u00e3o de postos foi mais positiva para mulheres (78.025) do que para os homens (70.967). O crescimento tamb\u00e9m foi verificado para os jovens de 18 a 24 anos (98.003), sendo maior a gera\u00e7\u00e3o de empregos no com\u00e9rcio (35.901) e na ind\u00fastria da transforma\u00e7\u00e3o (20.287).<\/p>\n<p>&#8220;Dos 148 mil [postos de trabalho], n\u00f3s temos a esmagadora maioria de jovens. Ent\u00e3o, derruba por terra essa certeza de muita gente de que os trabalhadores jovens n\u00e3o est\u00e3o aceitando ir para o mercado de trabalho&#8221;, disse o ministro do Trabalho e Emprego, Luiz Marinho.<\/p>\n<h2>Sal\u00e1rios baixos<\/h2>\n<p>Segundo ele, o que mais afasta os jovens do mercado formal s\u00e3o os baixos sal\u00e1rios oferecidos. O ministro defendeu uma revis\u00e3o dos pisos salariais para atrair mais os jovens ao mercado de trabalho com carteira assinada.<\/p>\n<p>O emprego tamb\u00e9m foi maior para pessoas com n\u00edvel m\u00e9dio (113.213) e para pardos (116.476). Ao grupo PCD (Pessoas com Defici\u00eancia), o saldo ficou positivo em 902 postos de trabalho.<\/p>\n<p>O sal\u00e1rio m\u00e9dio real de admiss\u00e3o em maio foi de R$ 2.248,71, uma queda de meio por cento no sal\u00e1rio m\u00e9dio do m\u00eas anterior.<\/p>\n<div class=\"noticias-relacionadas rel-position rowflex\">Fonte: Ag\u00eancia Brasil<\/div>\n","protected":false},"excerpt":{"rendered":"<p>O Brasil fechou o m\u00eas de maio com saldo positivo de 148.992 postos de trabalho com carteira assinada. O balan\u00e7o \u00e9 do Novo Cadastro Geral&#8230;<\/p>\n","protected":false},"author":1527,"featured_media":60012,"comment_status":"closed","ping_status":"closed","sticky":false,"template":"","format":"standard","meta":{"footnotes":""},"categories":[6],"tags":[],"class_list":["post-60010","post","type-post","status-publish","format-standard","has-post-thumbnail","hentry","category-noticias"],"_links":{"self":[{"href":"https:\/\/www.sincomam.org.br\/index.php\/wp-json\/wp\/v2\/posts\/60010","targetHints":{"allow":["GET"]}}],"collection":[{"href":"https:\/\/www.sincomam.org.br\/index.php\/wp-json\/wp\/v2\/posts"}],"about":[{"href":"https:\/\/www.sincomam.org.br\/index.php\/wp-json\/wp\/v2\/types\/post"}],"author":[{"embeddable":true,"href":"https:\/\/www.sincomam.org.br\/index.php\/wp-json\/wp\/v2\/users\/1527"}],"replies":[{"embeddable":true,"href":"https:\/\/www.sincomam.org.br\/index.php\/wp-json\/wp\/v2\/comments?post=60010"}],"version-history":[{"count":1,"href":"https:\/\/www.sincomam.org.br\/index.php\/wp-json\/wp\/v2\/posts\/60010\/revisions"}],"predecessor-version":[{"id":60013,"href":"https:\/\/www.sincomam.org.br\/index.php\/wp-json\/wp\/v2\/posts\/60010\/revisions\/60013"}],"wp:featuredmedia":[{"embeddable":true,"href":"https:\/\/www.sincomam.org.br\/index.php\/wp-json\/wp\/v2\/media\/60012"}],"wp:attachment":[{"href":"https:\/\/www.sincomam.org.br\/index.php\/wp-json\/wp\/v2\/media?parent=60010"}],"wp:term":[{"taxonomy":"category","embeddable":true,"href":"https:\/\/www.sincomam.org.br\/index.php\/wp-json\/wp\/v2\/categories?post=60010"},{"taxonomy":"post_tag","embeddable":true,"href":"https:\/\/www.sincomam.org.br\/index.php\/wp-json\/wp\/v2\/tags?post=60010"}],"curies":[{"name":"wp","href":"https:\/\/api.w.org\/{rel}","templated":true}]}}