{"id":59977,"date":"2025-06-30T01:29:25","date_gmt":"2025-06-30T04:29:25","guid":{"rendered":"https:\/\/www.sincomam.org.br\/?p=59977"},"modified":"2025-06-30T01:29:25","modified_gmt":"2025-06-30T04:29:25","slug":"projeto-de-25-mw-no-rn-obtem-1a-licenca-de-eolica-offshore-do-brasil","status":"publish","type":"post","link":"https:\/\/www.sincomam.org.br\/index.php\/projeto-de-25-mw-no-rn-obtem-1a-licenca-de-eolica-offshore-do-brasil\/","title":{"rendered":"Projeto de 25 MW no RN obt\u00e9m 1\u00aa licen\u00e7a de e\u00f3lica offshore do Brasil"},"content":{"rendered":"<p><span>O Instituto Brasileiro do Meio Ambiente e dos Recursos Naturais Renov\u00e1veis \u200b\u200b(Ibama) concedeu, na \u00faltima ter\u00e7a-feira (24), a primeira licen\u00e7a pr\u00e9via (LP) para um projeto de energia e\u00f3lica offshore no Brasil. O escopo prev\u00ea a implanta\u00e7\u00e3o do \u2018S\u00edtio de Testes de Aerogeradores Offshore\u2019 no litoral do munic\u00edpio de Areia Branca (RN), com capacidade instalada de at\u00e9 24,5\u00a0\u00a0<\/span><em><span>megawatts<\/span><\/em><span>\u00a0\u00a0(MW). O projeto, do Instituto Senai de Inova\u00e7\u00e3o em Energias Renov\u00e1veis \u200b\u200b(Senai-RN\/ISI-ER), foi desenhado com dois aerogeradores no mar (8,5 MW e 16 MW), com distanciamento de cerca de 20 quil\u00f4metros da costa. A energia ser\u00e1 direcionada para a descarboniza\u00e7\u00e3o do \u2018porto-ilha\u2019, terminal offshore salineiro, que tamb\u00e9m servir\u00e1 de base operacional para o empreendimento.<\/span><\/p>\n<p><span>O Ibama destacou que a concess\u00e3o da LP resultou de um extenso processo de an\u00e1lise iniciado em 2017 e conduzido por uma equipe t\u00e9cnica multidisciplinar do instituto, com experi\u00eancia em avalia\u00e7\u00e3o de impactos ambientais. \u201c\u00c9 uma oportunidade \u00fanica e necess\u00e1ria de construir as formas de avalia\u00e7\u00e3o dentro do licenciamento ambiental desde o come\u00e7o, considerando de maneira adequada os impactos nos meios sociais, bi\u00f3ticos e f\u00edsicos\u201d, afirmou o coordenador de licenciamento ambiental de gera\u00e7\u00e3o de energias renov\u00e1veis \u200b\u200be t\u00e9rmicas do Ibama, Eduardo Wagner.<\/span><\/p>\n<p><span>A avalia\u00e7\u00e3o dos compromissos ambientais associados ao projeto, os quais motivaram recomenda\u00e7\u00f5es para o fortalecimento do plano de gest\u00e3o ambiental. De acordo com o Ibama, o documento \u00e9 composto por 13 programas, que incluem o monitoramento da fauna marinha e o controle de ru\u00eddos subaqu\u00e1ticos, al\u00e9m da comunica\u00e7\u00e3o social e qualifica\u00e7\u00e3o profissional local, entre outras medidas essenciais para garantir a sustentabilidade do empreendimento. \u201cA emiss\u00e3o da licen\u00e7a pr\u00e9via atesta a proposta ambiental do projeto em sua fase de planejamento, condicionada ao cumprimento dos requisitos estabelecidos pelo Ibama para as pr\u00f3ximas etapas do licenciamento\u201d, acrescentou Wagner.<\/span><\/p>\n<p><span>O documento foi entregue pela diretora de Licenciamento Ambiental, Claudia Barros, e pelo presidente substituto do Ibama, Jair Schmitt, pelo coordenador do Plano de Desenvolvimento Institucional (PDI) do Instituto Senai de Inova\u00e7\u00e3o em Energias Renov\u00e1veis \u200b\u200b(ISI-ER), Ant\u00f4nio Medeiros, e pelo diretor regional do Senai no RN, Rodrigo Mello. O evento ocorreu no edif\u00edcio-sede do Ibama, em Bras\u00edlia (DF). \u201c\u00a0<\/span><em><span>[A emiss\u00e3o]<\/span><\/em><span>\u00a0\u00a0\u00e9 uma possibilidade de gerarmos conhecimento e informa\u00e7\u00e3o sobre um setor que pode deslanchar nos pr\u00f3ximos anos\u201d, comenta Claudia Barros.<\/span><\/p>\n<p><span>A diretora de pol\u00edticas para o Brasil do Conselho Global de Energia E\u00f3lica (GWEC), Roberta Cox, destacou que esse primeiro LP ambiental de um projeto e\u00f3lico offshore na Am\u00e9rica Latina representa um marco importante para o setor, al\u00e9m de gerar expectativa quanto \u00e0 entrega de informa\u00e7\u00f5es e desenvolvimento de conhecimento de procedimentos, dados e solu\u00e7\u00f5es.<\/span><\/p>\n<p><span>Fonte:\u00a0<\/span><span>Revista Portos e Navios<\/span><\/p>\n","protected":false},"excerpt":{"rendered":"<p>O Instituto Brasileiro do Meio Ambiente e dos Recursos Naturais Renov\u00e1veis \u200b\u200b(Ibama) concedeu, na \u00faltima ter\u00e7a-feira (24), a primeira licen\u00e7a pr\u00e9via (LP) para um projeto&#8230;<\/p>\n","protected":false},"author":1527,"featured_media":59979,"comment_status":"closed","ping_status":"closed","sticky":false,"template":"","format":"standard","meta":{"footnotes":""},"categories":[6],"tags":[],"class_list":["post-59977","post","type-post","status-publish","format-standard","has-post-thumbnail","hentry","category-noticias"],"_links":{"self":[{"href":"https:\/\/www.sincomam.org.br\/index.php\/wp-json\/wp\/v2\/posts\/59977","targetHints":{"allow":["GET"]}}],"collection":[{"href":"https:\/\/www.sincomam.org.br\/index.php\/wp-json\/wp\/v2\/posts"}],"about":[{"href":"https:\/\/www.sincomam.org.br\/index.php\/wp-json\/wp\/v2\/types\/post"}],"author":[{"embeddable":true,"href":"https:\/\/www.sincomam.org.br\/index.php\/wp-json\/wp\/v2\/users\/1527"}],"replies":[{"embeddable":true,"href":"https:\/\/www.sincomam.org.br\/index.php\/wp-json\/wp\/v2\/comments?post=59977"}],"version-history":[{"count":1,"href":"https:\/\/www.sincomam.org.br\/index.php\/wp-json\/wp\/v2\/posts\/59977\/revisions"}],"predecessor-version":[{"id":59980,"href":"https:\/\/www.sincomam.org.br\/index.php\/wp-json\/wp\/v2\/posts\/59977\/revisions\/59980"}],"wp:featuredmedia":[{"embeddable":true,"href":"https:\/\/www.sincomam.org.br\/index.php\/wp-json\/wp\/v2\/media\/59979"}],"wp:attachment":[{"href":"https:\/\/www.sincomam.org.br\/index.php\/wp-json\/wp\/v2\/media?parent=59977"}],"wp:term":[{"taxonomy":"category","embeddable":true,"href":"https:\/\/www.sincomam.org.br\/index.php\/wp-json\/wp\/v2\/categories?post=59977"},{"taxonomy":"post_tag","embeddable":true,"href":"https:\/\/www.sincomam.org.br\/index.php\/wp-json\/wp\/v2\/tags?post=59977"}],"curies":[{"name":"wp","href":"https:\/\/api.w.org\/{rel}","templated":true}]}}