{"id":59968,"date":"2025-06-30T01:22:32","date_gmt":"2025-06-30T04:22:32","guid":{"rendered":"https:\/\/www.sincomam.org.br\/?p=59968"},"modified":"2025-06-30T01:22:32","modified_gmt":"2025-06-30T04:22:32","slug":"antaq-realiza-operacao-de-fiscalizacao-para-o-festival-de-parintins","status":"publish","type":"post","link":"https:\/\/www.sincomam.org.br\/index.php\/antaq-realiza-operacao-de-fiscalizacao-para-o-festival-de-parintins\/","title":{"rendered":"ANTAQ realiza opera\u00e7\u00e3o de fiscaliza\u00e7\u00e3o para o Festival de Parintins"},"content":{"rendered":"<p>A Ag\u00eancia Nacional de Transportes Aquavi\u00e1rios (ANTAQ) promove, at\u00e9 o dia 1\u00ba de julho, a Opera\u00e7\u00e3o Parintins, que fiscaliza a presta\u00e7\u00e3o do servi\u00e7o de transporte fluvial, sob sua responsabilidade, durante o per\u00edodo de realiza\u00e7\u00e3o do 58\u00ba Festival Folcl\u00f3rico de Parintins.<\/p>\n<p dir=\"ltr\">Durante o per\u00edodo da opera\u00e7\u00e3o, a Ag\u00eancia verifica o cumprimento do esquema operacional previsto no termo de autoriza\u00e7\u00e3o e a presta\u00e7\u00e3o do servi\u00e7o adequado do transporte de passageiros, que inclui, entre outras a\u00e7\u00f5es, garantir a seguran\u00e7a, conforto e tarifa justa.<\/p>\n<p dir=\"ltr\">Al\u00e9m disso, a ANTAQ intensificar\u00e1 a\u00e7\u00f5es rotineiras, como a fiscaliza\u00e7\u00e3o de embarca\u00e7\u00f5es, na sa\u00edda de Manaus; a orienta\u00e7\u00e3o de passageiros quanto aos direitos e deveres; e a vistoria, em conjunto com as autoridades locais, da seguran\u00e7a e da qualidade dos servi\u00e7os.<\/p>\n<p dir=\"ltr\">Levando em considera\u00e7\u00e3o a magnitude do evento e a demanda pelo transporte aquavi\u00e1rio na \u00e9poca do evento, como a principal forma de acesso \u00e0 Ilha Tupinambarana &#8211; onde est\u00e1 localizado o munic\u00edpio de Parintins -, \u00e9 imprescind\u00edvel a presen\u00e7a da ANTAQ no local.<\/p>\n<p dir=\"ltr\">A opera\u00e7\u00e3o garante a efici\u00eancia da opera\u00e7\u00e3o portu\u00e1ria na instala\u00e7\u00e3o p\u00fablica do munic\u00edpio durante o festival, que \u00e9 de extrema import\u00e2ncia para a economia e a cultura de Parintins e do Brasil. O evento, este ano, ser\u00e1 realizado entre os dias 27 e 29 de junho, com a expectativa de receber mais de 120 mil visitantes.<\/p>\n<p dir=\"ltr\">Fonte: Antaq<\/p>\n<p dir=\"ltr\">\n","protected":false},"excerpt":{"rendered":"<p>A Ag\u00eancia Nacional de Transportes Aquavi\u00e1rios (ANTAQ) promove, at\u00e9 o dia 1\u00ba de julho, a Opera\u00e7\u00e3o Parintins, que fiscaliza a presta\u00e7\u00e3o do servi\u00e7o de transporte&#8230;<\/p>\n","protected":false},"author":1527,"featured_media":59970,"comment_status":"closed","ping_status":"closed","sticky":false,"template":"","format":"standard","meta":{"footnotes":""},"categories":[6],"tags":[],"class_list":["post-59968","post","type-post","status-publish","format-standard","has-post-thumbnail","hentry","category-noticias"],"_links":{"self":[{"href":"https:\/\/www.sincomam.org.br\/index.php\/wp-json\/wp\/v2\/posts\/59968","targetHints":{"allow":["GET"]}}],"collection":[{"href":"https:\/\/www.sincomam.org.br\/index.php\/wp-json\/wp\/v2\/posts"}],"about":[{"href":"https:\/\/www.sincomam.org.br\/index.php\/wp-json\/wp\/v2\/types\/post"}],"author":[{"embeddable":true,"href":"https:\/\/www.sincomam.org.br\/index.php\/wp-json\/wp\/v2\/users\/1527"}],"replies":[{"embeddable":true,"href":"https:\/\/www.sincomam.org.br\/index.php\/wp-json\/wp\/v2\/comments?post=59968"}],"version-history":[{"count":1,"href":"https:\/\/www.sincomam.org.br\/index.php\/wp-json\/wp\/v2\/posts\/59968\/revisions"}],"predecessor-version":[{"id":59971,"href":"https:\/\/www.sincomam.org.br\/index.php\/wp-json\/wp\/v2\/posts\/59968\/revisions\/59971"}],"wp:featuredmedia":[{"embeddable":true,"href":"https:\/\/www.sincomam.org.br\/index.php\/wp-json\/wp\/v2\/media\/59970"}],"wp:attachment":[{"href":"https:\/\/www.sincomam.org.br\/index.php\/wp-json\/wp\/v2\/media?parent=59968"}],"wp:term":[{"taxonomy":"category","embeddable":true,"href":"https:\/\/www.sincomam.org.br\/index.php\/wp-json\/wp\/v2\/categories?post=59968"},{"taxonomy":"post_tag","embeddable":true,"href":"https:\/\/www.sincomam.org.br\/index.php\/wp-json\/wp\/v2\/tags?post=59968"}],"curies":[{"name":"wp","href":"https:\/\/api.w.org\/{rel}","templated":true}]}}