{"id":59959,"date":"2025-06-30T01:02:53","date_gmt":"2025-06-30T04:02:53","guid":{"rendered":"https:\/\/www.sincomam.org.br\/?p=59959"},"modified":"2025-06-30T01:02:53","modified_gmt":"2025-06-30T04:02:53","slug":"onda-de-frio-deve-atingir-pelo-menos-sete-estados-alerta-inmet","status":"publish","type":"post","link":"https:\/\/www.sincomam.org.br\/index.php\/onda-de-frio-deve-atingir-pelo-menos-sete-estados-alerta-inmet\/","title":{"rendered":"Onda de frio deve atingir pelo menos sete estados, alerta Inmet"},"content":{"rendered":"<p>O Instituto Nacional de Meteorologia (Inmet) emitiu neste domingo (29) dois alertas laranjas e que indicam fortes ventos na costa do Rio Grande do Sul e de Santa Catarina e decl\u00ednio de temperatura para sete estados brasileiros at\u00e9 a segunda-feira (30).<img decoding=\"async\" src=\"https:\/\/agenciabrasil.ebc.com.br\/ebc.png?id=1648814&amp;o=node\" \/><img decoding=\"async\" src=\"https:\/\/agenciabrasil.ebc.com.br\/ebc.gif?id=1648814&amp;o=node\" \/><\/p>\n<p>O alerta laranja \u00e9 o segundo de maior gravidade na escala utilizada pelo Inmet, abaixo somente do alerta vermelho, e significa situa\u00e7\u00e3o de perigo.<\/p>\n<p><strong>O primeiro alerta, de ventos costeiros, vale at\u00e9 as 03h da manh\u00e3 de segunda-feira (30).<\/strong>\u00a0Segundo o Inmet, o alerta indica grande movimenta\u00e7\u00e3o de dunas de areia sobre constru\u00e7\u00f5es da orla e vale para a Grande Florian\u00f3polis, a Regi\u00e3o Metropolitana de Porto Alegre, o Sul Catarinense, o Sudeste Rio-Grandense, o Vale do Itaja\u00ed e o Nordeste Rio-Grandense.<\/p>\n<p><strong>J\u00e1 o alerta de onda de frio vale at\u00e9 as 23h59 de segunda (30) e indica que a temperatura pode cair mais do que 5 graus Celsius (\u00baC) em sete estados brasileiros<\/strong>: Paran\u00e1, Rio Grande do Sul, Santa Catarina, Mato Grosso do Sul, S\u00e3o Paulo, Mato Grosso e Rond\u00f4nia.<\/p>\n<h2>Chuvas<\/h2>\n<p><strong>O Inmet prev\u00ea que chuvas intensas devem continuar atingindo o sul do pa\u00eds at\u00e9 segunda (30).<\/strong>\u00a0Segundo o instituto, a forma\u00e7\u00e3o de um novo sistema frontal neste domingo refor\u00e7ar\u00e1 as instabilidades sobre grande parte do Rio Grande do Sul e de Santa Catarina, com acumulados podendo exceder os 100 milimetros.<\/p>\n<p>Rajadas de vento e raios tamb\u00e9m est\u00e3o previstos para toda a regi\u00e3o. No decorrer da noite, as instabilidades mais fortes devem atuar sobre Santa Catarina e Paran\u00e1, podendo chegar ao sul do Mato Grosso do Sul, j\u00e1 se distanciando do Rio Grande do Sul.<\/p>\n<p>J\u00e1 na segunda\u00a0(30), as condi\u00e7\u00f5es de chuva no Rio Grande do Sul devem enfraquecer, mas persistem em \u00e1reas localizadas do Paran\u00e1 e de Santa Catarina, sul de S\u00e3o Paulo e do Mato Grosso do Sul. Novas instabilidades, contudo, poder\u00e3o voltar a ocorrer no Rio Grande do Sul entre ter\u00e7a-feira (1\u00ba) e quarta-feira (2).<\/p>\n<p>Fonte: Ag\u00eancia Brasil<\/p>\n","protected":false},"excerpt":{"rendered":"<p>O Instituto Nacional de Meteorologia (Inmet) emitiu neste domingo (29) dois alertas laranjas e que indicam fortes ventos na costa do Rio Grande do Sul&#8230;<\/p>\n","protected":false},"author":1527,"featured_media":59961,"comment_status":"closed","ping_status":"closed","sticky":false,"template":"","format":"standard","meta":{"footnotes":""},"categories":[6],"tags":[],"class_list":["post-59959","post","type-post","status-publish","format-standard","has-post-thumbnail","hentry","category-noticias"],"_links":{"self":[{"href":"https:\/\/www.sincomam.org.br\/index.php\/wp-json\/wp\/v2\/posts\/59959","targetHints":{"allow":["GET"]}}],"collection":[{"href":"https:\/\/www.sincomam.org.br\/index.php\/wp-json\/wp\/v2\/posts"}],"about":[{"href":"https:\/\/www.sincomam.org.br\/index.php\/wp-json\/wp\/v2\/types\/post"}],"author":[{"embeddable":true,"href":"https:\/\/www.sincomam.org.br\/index.php\/wp-json\/wp\/v2\/users\/1527"}],"replies":[{"embeddable":true,"href":"https:\/\/www.sincomam.org.br\/index.php\/wp-json\/wp\/v2\/comments?post=59959"}],"version-history":[{"count":1,"href":"https:\/\/www.sincomam.org.br\/index.php\/wp-json\/wp\/v2\/posts\/59959\/revisions"}],"predecessor-version":[{"id":59962,"href":"https:\/\/www.sincomam.org.br\/index.php\/wp-json\/wp\/v2\/posts\/59959\/revisions\/59962"}],"wp:featuredmedia":[{"embeddable":true,"href":"https:\/\/www.sincomam.org.br\/index.php\/wp-json\/wp\/v2\/media\/59961"}],"wp:attachment":[{"href":"https:\/\/www.sincomam.org.br\/index.php\/wp-json\/wp\/v2\/media?parent=59959"}],"wp:term":[{"taxonomy":"category","embeddable":true,"href":"https:\/\/www.sincomam.org.br\/index.php\/wp-json\/wp\/v2\/categories?post=59959"},{"taxonomy":"post_tag","embeddable":true,"href":"https:\/\/www.sincomam.org.br\/index.php\/wp-json\/wp\/v2\/tags?post=59959"}],"curies":[{"name":"wp","href":"https:\/\/api.w.org\/{rel}","templated":true}]}}