{"id":59955,"date":"2025-06-30T00:59:42","date_gmt":"2025-06-30T03:59:42","guid":{"rendered":"https:\/\/www.sincomam.org.br\/?p=59955"},"modified":"2025-06-30T00:59:42","modified_gmt":"2025-06-30T03:59:42","slug":"porto-de-imbituba-inicia-17a-temporada-de-monitoramento-de-cetaceos","status":"publish","type":"post","link":"https:\/\/www.sincomam.org.br\/index.php\/porto-de-imbituba-inicia-17a-temporada-de-monitoramento-de-cetaceos\/","title":{"rendered":"Porto de Imbituba inicia 17\u00aa temporada de monitoramento de cet\u00e1ceos"},"content":{"rendered":"<p>A SCPAR Porto de Imbituba deu in\u00edcio \u00e0s atividades do Programa de Monitoramento de Cet\u00e1ceos. Nesta \u00faltima semana de junho, ocorreu o treinamento pr\u00e1tico e te\u00f3rico das equipes de campo para aprimoramento da atividade durante a temporada. A observa\u00e7\u00e3o terrestre inicia no dia 1\u00ba de julho e segue at\u00e9 o dia 30 de novembro.<\/p>\n<p>As equipes de campo ir\u00e3o realizar diariamente o monitoramento terrestre atrav\u00e9s de dois pontos de observa\u00e7\u00e3o, que utilizam a metodologia de ponto fixo para fazer as avistagens dos grupos de baleias francas. Ao longo da temporada ainda ser\u00e3o realizados sobrevoos para verificar quantas baleias francas est\u00e3o presentes no litoral sul de Santa Catarina, momento em que \u00e9 feita a fotografia de cada mam\u00edfero e tamb\u00e9m observado os locais de maior concentra\u00e7\u00e3o dos grupos.<\/p>\n<p>As perspectivas s\u00e3o boas para este ano, j\u00e1 que o monitoramento terrestre ocorre em dois pontos: a equipe principal conta com tr\u00eas observadores com vis\u00e3o para a enseada do Porto de Imbituba e outra equipe com dois observadores fica na enseada da praia da Ribanceira. Al\u00e9m do acompanhamento por terra, est\u00e3o previstos ainda a realiza\u00e7\u00e3o de tr\u00eas sobrevoos para censo e fotoidentifica\u00e7\u00e3o ao longo de toda APA (\u00c1rea de Prote\u00e7\u00e3o Ambiental) da Baleia Franca.<\/p>\n<p>Ao longo da temporada, a SCPAR Porto de Imbituba tamb\u00e9m realizar\u00e1 o Procedimento Interno de Boas Pr\u00e1ticas, que busca informar e conscientizar os comandantes e tripula\u00e7\u00f5es das embarca\u00e7\u00f5es sobre a poss\u00edvel presen\u00e7a destes mam\u00edferos marinhos nas \u00e1reas de navega\u00e7\u00e3o. A a\u00e7\u00e3o \u00e9 feita por meio de v\u00eddeo educativo em ingl\u00eas, entrega de folhetos e cartazes nos navios para conscientiza\u00e7\u00e3o ambiental, al\u00e9m da emiss\u00e3o de avisos e alertas para cuidados redobrados, caso constatada a presen\u00e7a de baleias durante as manobras dos navios.<\/p>\n<p>\u201cA regi\u00e3o costeira de Imbituba \u00e9 o principal ponto de aproxima\u00e7\u00e3o desses mam\u00edferos marinhos, ent\u00e3o \u00e9 de extrema import\u00e2ncia a realiza\u00e7\u00e3o do monitoramento para garantir a conserva\u00e7\u00e3o e a seguran\u00e7a da esp\u00e9cie, concomitante com as opera\u00e7\u00f5es portu\u00e1rias\u201d, afirma Christiano Lopes, diretor-presidente do Porto de Imbituba.<\/p>\n<p>\u201cAs baleias francas foram ca\u00e7adas durante s\u00e9culos ao longo de toda a costa brasileira, chegando ao ponto de n\u00e3o ocorrer mais avistagem desses animais na costa catarinense por alguns anos. Atualmente podemos observar que a popula\u00e7\u00e3o destes mam\u00edferos marinhos vem crescendo ano ap\u00f3s ano\u201d, destaca Paulo M\u00e1rcio de Souza, gerente do departamento de sa\u00fade, seguran\u00e7a e meio ambiente do Porto de Imbituba.<\/p>\n<p>\u201cImbituba foi a \u00faltima arma\u00e7\u00e3o baleeira a ser fechada no litoral catarinense e de certa forma temos uma d\u00edvida com esses magn\u00edficos animais, ent\u00e3o o programa de monitoramento de cet\u00e1ceos \u00e9 uma forma de compensar tamb\u00e9m tudo o que foi feito no passado e \u00e9 realizado com muito carinho e cuidado pelo Porto de Imbituba\u201d, completa Souza.<\/p>\n<p>\u201cO Programa de Monitoramento das Baleias Francas tem como objetivo principal o desenvolvimento das atividades portu\u00e1rias de forma harmoniosa com o meio ambiente, respeitando o per\u00edodo reprodutivo dessa esp\u00e9cie t\u00e3o especial em nossa regi\u00e3o\u201d, destaca Camila Amorim, ocean\u00f3grafa da SCPAR Porto de Imbituba.<\/p>\n<p>Fonte:\u00a0Porto de Imbituba<\/p>\n<div id=\"infor-442390379\" class=\"infor-depois-do-conteudo\"><\/div>\n","protected":false},"excerpt":{"rendered":"<p>A SCPAR Porto de Imbituba deu in\u00edcio \u00e0s atividades do Programa de Monitoramento de Cet\u00e1ceos. Nesta \u00faltima semana de junho, ocorreu o treinamento pr\u00e1tico e&#8230;<\/p>\n","protected":false},"author":1527,"featured_media":59957,"comment_status":"closed","ping_status":"closed","sticky":false,"template":"","format":"standard","meta":{"footnotes":""},"categories":[6],"tags":[],"class_list":["post-59955","post","type-post","status-publish","format-standard","has-post-thumbnail","hentry","category-noticias"],"_links":{"self":[{"href":"https:\/\/www.sincomam.org.br\/index.php\/wp-json\/wp\/v2\/posts\/59955","targetHints":{"allow":["GET"]}}],"collection":[{"href":"https:\/\/www.sincomam.org.br\/index.php\/wp-json\/wp\/v2\/posts"}],"about":[{"href":"https:\/\/www.sincomam.org.br\/index.php\/wp-json\/wp\/v2\/types\/post"}],"author":[{"embeddable":true,"href":"https:\/\/www.sincomam.org.br\/index.php\/wp-json\/wp\/v2\/users\/1527"}],"replies":[{"embeddable":true,"href":"https:\/\/www.sincomam.org.br\/index.php\/wp-json\/wp\/v2\/comments?post=59955"}],"version-history":[{"count":1,"href":"https:\/\/www.sincomam.org.br\/index.php\/wp-json\/wp\/v2\/posts\/59955\/revisions"}],"predecessor-version":[{"id":59958,"href":"https:\/\/www.sincomam.org.br\/index.php\/wp-json\/wp\/v2\/posts\/59955\/revisions\/59958"}],"wp:featuredmedia":[{"embeddable":true,"href":"https:\/\/www.sincomam.org.br\/index.php\/wp-json\/wp\/v2\/media\/59957"}],"wp:attachment":[{"href":"https:\/\/www.sincomam.org.br\/index.php\/wp-json\/wp\/v2\/media?parent=59955"}],"wp:term":[{"taxonomy":"category","embeddable":true,"href":"https:\/\/www.sincomam.org.br\/index.php\/wp-json\/wp\/v2\/categories?post=59955"},{"taxonomy":"post_tag","embeddable":true,"href":"https:\/\/www.sincomam.org.br\/index.php\/wp-json\/wp\/v2\/tags?post=59955"}],"curies":[{"name":"wp","href":"https:\/\/api.w.org\/{rel}","templated":true}]}}