{"id":59944,"date":"2025-06-27T13:53:39","date_gmt":"2025-06-27T16:53:39","guid":{"rendered":"https:\/\/www.sincomam.org.br\/?p=59944"},"modified":"2025-06-27T13:53:59","modified_gmt":"2025-06-27T16:53:59","slug":"deputado-arthur-lira-diz-que-vai-adiar-relatorio-sobre-isencao-do-imposto-de-renda","status":"publish","type":"post","link":"https:\/\/www.sincomam.org.br\/index.php\/deputado-arthur-lira-diz-que-vai-adiar-relatorio-sobre-isencao-do-imposto-de-renda\/","title":{"rendered":"DEPUTADO ARTHUR LIRA DIZ QUE VAI ADIAR RELAT\u00d3RIO SOBRE ISEN\u00c7\u00c3O DO IMPOSTO DE RENDA"},"content":{"rendered":"<p>Em escalada de tens\u00e3o com o Legislativo, o governo sofrer\u00e1 mais uma derrota nesta sexta-feira (27). O deputado Arthur Lira (PP-AL) estabeleceu a data como prazo para apresentar o relat\u00f3rio do projeto mais importante apresentado pelo Executivo esse ano: a isen\u00e7\u00e3o do imposto de renda para quem ganha at\u00e9 R$ 5 mil. S\u00f3 que o texto n\u00e3o ser\u00e1 entregue.<\/p>\n<p>Lira estabeleceu a data no plano de trabalho apresentado \u00e0 comiss\u00e3o especial que analisa o tema, mas n\u00e3o tem nenhuma obriga\u00e7\u00e3o de cumprir o pr\u00f3prio prazo. Ao deixar para depois, acaba atrasando uma proposta priorit\u00e1ria do governo que &#8211; depois da comiss\u00e3o &#8211; ainda passar pelo plen\u00e1rio da C\u00e2mara antes de ir para o Senado. Dessa forma, vai ficando mais apertado o prazo para aprovar o projeto ainda neste ano.<\/p>\n<p>Perguntado se o texto seria apresentado esta semana, Lira respondeu que &#8220;\u00e9 uma semana esvaziada&#8221;.<\/p>\n<p>Nos bastidores, h\u00e1 uma avalia\u00e7\u00e3o de que a derrota do governo inviabiliza qualquer debate, especialmente porque alguns deputados avaliam que o projeto pode ser mais uma forma de o Executivo ganhar em arrecada\u00e7\u00e3o.<\/p>\n<p>A proposta apresentada pelo Planalto prev\u00ea que a isen\u00e7\u00e3o n\u00e3o traria impacto aos cofres p\u00fablicos porque seria acompanhada de um aumento no imposto para quem ganha mais de 50 mil reais. E que o saldo seria zero. Mas parlamentares da comiss\u00e3o perceberam que, com a mudan\u00e7a, o governo poderia ficar com um saldo positivo, uma &#8220;gordura&#8221;, de 8 bilh\u00f5es de reais ao ano.<\/p>\n<p>&#8220;O governo est\u00e1 perdido. N\u00e3o adianta discutir imposto de renda, para resolver problema de caixa para o governo&#8221;, disse um parlamentar da base, que faz parte da comiss\u00e3o.<\/p>\n<p>Ainda n\u00e3o h\u00e1 data para a apresenta\u00e7\u00e3o do parecer. Perguntado sobre uma nova previs\u00e3o, o presidente da comiss\u00e3o, deputado Rubens Pereira J\u00fanior (PT-MA), respondeu: &#8220;Ainda n\u00e3o. Ainda vou falar com o relator&#8221;.<\/p>\n<p>Antes mesmo de divulgar o parecer, Lira deve dividir o texto com os coordenadores de bancadas partid\u00e1rias. E, ap\u00f3s os ajustes, publicar um primeiro relat\u00f3rio. \u00c9 poss\u00edvel que, a partir de press\u00f5es do mercado, esse texto possa ser modificado, antes de ser analisado pelo plen\u00e1rio.<\/p>\n<p>O rel\u00f3gio n\u00e3o para. E o governo tem pressa.<\/p>\n<p>Fonte: G1<\/p>\n","protected":false},"excerpt":{"rendered":"<p>Em escalada de tens\u00e3o com o Legislativo, o governo sofrer\u00e1 mais uma derrota nesta sexta-feira (27). O deputado Arthur Lira (PP-AL) estabeleceu a data como&#8230;<\/p>\n","protected":false},"author":1527,"featured_media":59946,"comment_status":"closed","ping_status":"closed","sticky":false,"template":"","format":"standard","meta":{"footnotes":""},"categories":[6],"tags":[],"class_list":["post-59944","post","type-post","status-publish","format-standard","has-post-thumbnail","hentry","category-noticias"],"_links":{"self":[{"href":"https:\/\/www.sincomam.org.br\/index.php\/wp-json\/wp\/v2\/posts\/59944","targetHints":{"allow":["GET"]}}],"collection":[{"href":"https:\/\/www.sincomam.org.br\/index.php\/wp-json\/wp\/v2\/posts"}],"about":[{"href":"https:\/\/www.sincomam.org.br\/index.php\/wp-json\/wp\/v2\/types\/post"}],"author":[{"embeddable":true,"href":"https:\/\/www.sincomam.org.br\/index.php\/wp-json\/wp\/v2\/users\/1527"}],"replies":[{"embeddable":true,"href":"https:\/\/www.sincomam.org.br\/index.php\/wp-json\/wp\/v2\/comments?post=59944"}],"version-history":[{"count":1,"href":"https:\/\/www.sincomam.org.br\/index.php\/wp-json\/wp\/v2\/posts\/59944\/revisions"}],"predecessor-version":[{"id":59947,"href":"https:\/\/www.sincomam.org.br\/index.php\/wp-json\/wp\/v2\/posts\/59944\/revisions\/59947"}],"wp:featuredmedia":[{"embeddable":true,"href":"https:\/\/www.sincomam.org.br\/index.php\/wp-json\/wp\/v2\/media\/59946"}],"wp:attachment":[{"href":"https:\/\/www.sincomam.org.br\/index.php\/wp-json\/wp\/v2\/media?parent=59944"}],"wp:term":[{"taxonomy":"category","embeddable":true,"href":"https:\/\/www.sincomam.org.br\/index.php\/wp-json\/wp\/v2\/categories?post=59944"},{"taxonomy":"post_tag","embeddable":true,"href":"https:\/\/www.sincomam.org.br\/index.php\/wp-json\/wp\/v2\/tags?post=59944"}],"curies":[{"name":"wp","href":"https:\/\/api.w.org\/{rel}","templated":true}]}}