{"id":59940,"date":"2025-06-27T12:05:17","date_gmt":"2025-06-27T15:05:17","guid":{"rendered":"https:\/\/www.sincomam.org.br\/?p=59940"},"modified":"2025-06-27T12:05:17","modified_gmt":"2025-06-27T15:05:17","slug":"fundacao-de-estudos-do-mar-amplia-atuacao-e-reforca-compromisso-com-a-mentalidade-maritima-nacional","status":"publish","type":"post","link":"https:\/\/www.sincomam.org.br\/index.php\/fundacao-de-estudos-do-mar-amplia-atuacao-e-reforca-compromisso-com-a-mentalidade-maritima-nacional\/","title":{"rendered":"Funda\u00e7\u00e3o de Estudos do Mar amplia atua\u00e7\u00e3o e refor\u00e7a compromisso com a mentalidade mar\u00edtima nacional"},"content":{"rendered":"<p class=\"text-align-justify\">Criada em 1966, por iniciativa do Clube Naval, em parceria com a Marinha do Brasil (MB) e institui\u00e7\u00f5es do setor mar\u00edtimo, a Funda\u00e7\u00e3o de Estudos do Mar (FEMAR) tem como miss\u00e3o consolidar a mentalidade mar\u00edtima nacional. Entidade sem fins lucrativos, a FEMAR desenvolve pesquisas, cursos, semin\u00e1rios e projetos de inova\u00e7\u00e3o tecnol\u00f3gica voltados ao conhecimento do mar e \u00e0 valoriza\u00e7\u00e3o da Amaz\u00f4nia Azul, al\u00e9m de prestar apoio estrat\u00e9gico \u00e0 MB.<\/p>\n<p class=\"text-align-justify\">Em seu 59\u00ba anivers\u00e1rio, celebrado em maio de 2025, a Funda\u00e7\u00e3o refor\u00e7ou o compromisso com a cultura oce\u00e2nica, elemento estrat\u00e9gico para estimular o fortalecimento da mentalidade mar\u00edtima e a forma\u00e7\u00e3o de profissionais especializados na atividade mar\u00edtima e em tecnologia naval. Devido a condi\u00e7\u00e3o de Funda\u00e7\u00e3o de apoio das Institui\u00e7\u00f5es de Ci\u00eancia e Tecnologia da Marinha desde 2011, atualmente, a FEMAR apoia mais de 40 projetos de Ci\u00eancia e Tecnologia em parceria com a MB, com foco em pesquisas aplicadas, cursos de extens\u00e3o e iniciativas voltadas \u00e0 sustentabilidade e ao desenvolvimento do setor mar\u00edtimo e portu\u00e1rio nacional.<\/p>\n<p class=\"text-align-justify\">\u00c9 reconhecida tamb\u00e9m como Institui\u00e7\u00e3o de Utilidade P\u00fablica nos \u00e2mbitos estadual e municipal e credenciada pela Secretaria de Educa\u00e7\u00e3o do Estado do Rio de Janeiro (SEEDUC-RJ), o que permite a oferta de cursos t\u00e9cnicos e de Ensino Profissional Mar\u00edtimo.<\/p>\n<p class=\"text-align-justify\">O cat\u00e1logo completo de cursos t\u00e9cnicos, livres e de Ensino Profissional Mar\u00edtimo est\u00e1 dispon\u00edvel em: <a href=\"https:\/\/sige.srv.br\/catalogo_cursos.php\" target=\"_blank\" rel=\"noopener\">https:\/\/sige.srv.br\/catalogo_cursos.php<\/a><\/p>\n<h5 class=\"text-align-justify\">FEMAR renova certifica\u00e7\u00e3o internacional ISO 9001:2015<\/h5>\n<p class=\"text-align-justify\">Como parte dos esfor\u00e7os cont\u00ednuos de aprimoramento de sua gest\u00e3o, a FEMAR conquistou, entre os dias 12 e 15 de maio de 2025, a recertifica\u00e7\u00e3o da norma ISO 9001:2015. A auditoria, conduzida pela Associa\u00e7\u00e3o Brasileira de Normas T\u00e9cnicas (ABNT), confirmou que o Sistema de Gest\u00e3o da Qualidade da Institui\u00e7\u00e3o atende integralmente \u00e0s exig\u00eancias da norma internacional, com validade at\u00e9 3 de junho de 2028.<\/p>\n<p>Fonte: Ag\u00eancia Marinha de Not\u00edcias<\/p>\n","protected":false},"excerpt":{"rendered":"<p>Criada em 1966, por iniciativa do Clube Naval, em parceria com a Marinha do Brasil (MB) e institui\u00e7\u00f5es do setor mar\u00edtimo, a Funda\u00e7\u00e3o de Estudos&#8230;<\/p>\n","protected":false},"author":1527,"featured_media":59942,"comment_status":"closed","ping_status":"closed","sticky":false,"template":"","format":"standard","meta":{"footnotes":""},"categories":[6],"tags":[],"class_list":["post-59940","post","type-post","status-publish","format-standard","has-post-thumbnail","hentry","category-noticias"],"_links":{"self":[{"href":"https:\/\/www.sincomam.org.br\/index.php\/wp-json\/wp\/v2\/posts\/59940","targetHints":{"allow":["GET"]}}],"collection":[{"href":"https:\/\/www.sincomam.org.br\/index.php\/wp-json\/wp\/v2\/posts"}],"about":[{"href":"https:\/\/www.sincomam.org.br\/index.php\/wp-json\/wp\/v2\/types\/post"}],"author":[{"embeddable":true,"href":"https:\/\/www.sincomam.org.br\/index.php\/wp-json\/wp\/v2\/users\/1527"}],"replies":[{"embeddable":true,"href":"https:\/\/www.sincomam.org.br\/index.php\/wp-json\/wp\/v2\/comments?post=59940"}],"version-history":[{"count":1,"href":"https:\/\/www.sincomam.org.br\/index.php\/wp-json\/wp\/v2\/posts\/59940\/revisions"}],"predecessor-version":[{"id":59943,"href":"https:\/\/www.sincomam.org.br\/index.php\/wp-json\/wp\/v2\/posts\/59940\/revisions\/59943"}],"wp:featuredmedia":[{"embeddable":true,"href":"https:\/\/www.sincomam.org.br\/index.php\/wp-json\/wp\/v2\/media\/59942"}],"wp:attachment":[{"href":"https:\/\/www.sincomam.org.br\/index.php\/wp-json\/wp\/v2\/media?parent=59940"}],"wp:term":[{"taxonomy":"category","embeddable":true,"href":"https:\/\/www.sincomam.org.br\/index.php\/wp-json\/wp\/v2\/categories?post=59940"},{"taxonomy":"post_tag","embeddable":true,"href":"https:\/\/www.sincomam.org.br\/index.php\/wp-json\/wp\/v2\/tags?post=59940"}],"curies":[{"name":"wp","href":"https:\/\/api.w.org\/{rel}","templated":true}]}}