{"id":59924,"date":"2025-06-27T10:51:20","date_gmt":"2025-06-27T13:51:20","guid":{"rendered":"https:\/\/www.sincomam.org.br\/?p=59924"},"modified":"2025-06-27T10:51:20","modified_gmt":"2025-06-27T13:51:20","slug":"portos-da-regiao-nordeste-movimentaram-75-milhoes-de-toneladas-em-abril","status":"publish","type":"post","link":"https:\/\/www.sincomam.org.br\/index.php\/portos-da-regiao-nordeste-movimentaram-75-milhoes-de-toneladas-em-abril\/","title":{"rendered":"Portos da regi\u00e3o Nordeste movimentaram 7,5 milh\u00f5es de toneladas em abril"},"content":{"rendered":"<p>Os portos organizados da regi\u00e3o Nordeste movimentaram 7,7 milh\u00f5es de toneladas em abril, o que equivale a 7% a mais que no mesmo m\u00eas de 2024. Os dados s\u00e3o do Estat\u00edstico Aquavi\u00e1rio da Ag\u00eancia Nacional de Transportes Aquavi\u00e1rios (Antaq).<\/p>\n<p>A soja foi o produto com maior volume de carga \u2013 2 milh\u00f5es de toneladas, um crescimento de 15,4% em rela\u00e7\u00e3o a abril do ano passado. Consolidado como um hub estrat\u00e9gico para o escoamento de soja de toda a regi\u00e3o Nordeste, o Porto de Itaqui, no Maranh\u00e3o, respondeu por toda a movimenta\u00e7\u00e3o da commodity. Em abril, o porto respondeu por 3,3 milh\u00f5es de toneladas, 12,4% a mais que abril passado.<\/p>\n<p>O Porto de Itaqui \u00e9 uma das principais portas de sa\u00edda para exporta\u00e7\u00f5es de gr\u00e3os, combust\u00edveis e min\u00e9rios produzidos no Centro-Oeste e no Nordeste do pa\u00eds. Para se ter ideia da import\u00e2ncia de Itaqui, o Porto de Suape, em Pernambuco, ficou em segundo lugar no ranking regional e movimentou 1,8 milh\u00e3o de toneladas no m\u00eas, quase metade das cargas movimentadas pelo Porto de Itaqui.<\/p>\n<p>Alex \u00c1vila, secret\u00e1rio Nacional de Portos, destaca que os resultados obtidos no setor s\u00e3o frutos de trabalho coletivo e de projetos consolidados. \u201cO crescimento observado na movimenta\u00e7\u00e3o de produtos nos principais terminais portu\u00e1rios do Nordeste aponta que o planejamento do Governo Federal, para a retomada do modal e da economia do pa\u00eds, tem sido muito bem executado. Os investimentos realizados nos \u00faltimos dois anos t\u00eam contribu\u00eddo para o desenvolvimento do nosso setor e, como resultado, tem elevado os indicadores econ\u00f4micos das cidades da regi\u00e3o\u201d, apontou.<\/p>\n<p>Fonte: Portos e Navios<\/p>\n<p>&nbsp;<\/p>\n","protected":false},"excerpt":{"rendered":"<p>Os portos organizados da regi\u00e3o Nordeste movimentaram 7,7 milh\u00f5es de toneladas em abril, o que equivale a 7% a mais que no mesmo m\u00eas de&#8230;<\/p>\n","protected":false},"author":1527,"featured_media":59926,"comment_status":"closed","ping_status":"closed","sticky":false,"template":"","format":"standard","meta":{"footnotes":""},"categories":[6],"tags":[],"class_list":["post-59924","post","type-post","status-publish","format-standard","has-post-thumbnail","hentry","category-noticias"],"_links":{"self":[{"href":"https:\/\/www.sincomam.org.br\/index.php\/wp-json\/wp\/v2\/posts\/59924","targetHints":{"allow":["GET"]}}],"collection":[{"href":"https:\/\/www.sincomam.org.br\/index.php\/wp-json\/wp\/v2\/posts"}],"about":[{"href":"https:\/\/www.sincomam.org.br\/index.php\/wp-json\/wp\/v2\/types\/post"}],"author":[{"embeddable":true,"href":"https:\/\/www.sincomam.org.br\/index.php\/wp-json\/wp\/v2\/users\/1527"}],"replies":[{"embeddable":true,"href":"https:\/\/www.sincomam.org.br\/index.php\/wp-json\/wp\/v2\/comments?post=59924"}],"version-history":[{"count":1,"href":"https:\/\/www.sincomam.org.br\/index.php\/wp-json\/wp\/v2\/posts\/59924\/revisions"}],"predecessor-version":[{"id":59927,"href":"https:\/\/www.sincomam.org.br\/index.php\/wp-json\/wp\/v2\/posts\/59924\/revisions\/59927"}],"wp:featuredmedia":[{"embeddable":true,"href":"https:\/\/www.sincomam.org.br\/index.php\/wp-json\/wp\/v2\/media\/59926"}],"wp:attachment":[{"href":"https:\/\/www.sincomam.org.br\/index.php\/wp-json\/wp\/v2\/media?parent=59924"}],"wp:term":[{"taxonomy":"category","embeddable":true,"href":"https:\/\/www.sincomam.org.br\/index.php\/wp-json\/wp\/v2\/categories?post=59924"},{"taxonomy":"post_tag","embeddable":true,"href":"https:\/\/www.sincomam.org.br\/index.php\/wp-json\/wp\/v2\/tags?post=59924"}],"curies":[{"name":"wp","href":"https:\/\/api.w.org\/{rel}","templated":true}]}}