{"id":59920,"date":"2025-06-27T10:48:57","date_gmt":"2025-06-27T13:48:57","guid":{"rendered":"https:\/\/www.sincomam.org.br\/?p=59920"},"modified":"2025-06-27T10:48:57","modified_gmt":"2025-06-27T13:48:57","slug":"porto-de-sao-francisco-do-sul-celebra-70-anos-com-solenidade-e-anuncio-de-obras-2","status":"publish","type":"post","link":"https:\/\/www.sincomam.org.br\/index.php\/porto-de-sao-francisco-do-sul-celebra-70-anos-com-solenidade-e-anuncio-de-obras-2\/","title":{"rendered":"Porto de S\u00e3o Francisco do Sul celebra 70 anos com solenidade e an\u00fancio de obras"},"content":{"rendered":"<p>O Porto de S\u00e3o Francisco do Sul (SC) comemora, no pr\u00f3ximo dia 1\u00ba de julho, 70 anos, com an\u00fancio de novos investimentos em obras de infraestrutura que devem melhorar a efici\u00eancia nas opera\u00e7\u00f5es portu\u00e1rias no Complexo da Babitonga. Entre elas, a autoriza\u00e7\u00e3o do estado para o uso de dividendos para a obra da terceira faixa na BR-280 (R$ 12,5 milh\u00f5es) e o lan\u00e7amento do edital para a recupera\u00e7\u00e3o do Ber\u00e7o 201 (R$ 18 milh\u00f5es) e do sistema de despoeiramento do Corredor de Exporta\u00e7\u00e3o (R$ 11 milh\u00f5es).<\/p>\n<p>Na data, haver\u00e1 a inaugura\u00e7\u00e3o de diversas melhorias, como o novo Parque Tecnol\u00f3gico do Porto, com investimentos de R$ 10 milh\u00f5es, e a reforma do acesso de pedestres \u00e0 \u00e1rea operacional do terminal.<\/p>\n<p>Durante as comemora\u00e7\u00f5es, ser\u00e1 assinado um acordo para melhorar a prote\u00e7\u00e3o ambiental da Ba\u00eda da Babitonga. Numa iniciativa in\u00e9dita no Brasil, os quatro terminais do Complexo Portu\u00e1rio (porto p\u00fablico, Tesc, Itapo\u00e1 e Terminal de Gran\u00e9is de SC) est\u00e3o implantando o Programa de Monitoramento Ambiental Integrado (Pmai), que prev\u00ea a\u00e7\u00f5es conjuntas, em alinhamento com o Ibama.<\/p>\n<p>At\u00e9 agora, cada terminal tinha um programa ambiental pr\u00f3prio. Mas, a partir deste ano, a iniciativa prev\u00ea a coopera\u00e7\u00e3o m\u00fatua em 17 programas, que incluem a prote\u00e7\u00e3o constante da fauna e flora da Ba\u00eda da Babitonga e o monitoramento da qualidade da \u00e1gua, do ar e dos efluentes l\u00edquidos. O Programa de Monitoramento Ambiental prev\u00ea um investimento de R$ 17 milh\u00f5es.<\/p>\n<p>Fonte: Portos e Navios<\/p>\n","protected":false},"excerpt":{"rendered":"<p>O Porto de S\u00e3o Francisco do Sul (SC) comemora, no pr\u00f3ximo dia 1\u00ba de julho, 70 anos, com an\u00fancio de novos investimentos em obras de&#8230;<\/p>\n","protected":false},"author":1527,"featured_media":59922,"comment_status":"closed","ping_status":"closed","sticky":false,"template":"","format":"standard","meta":{"footnotes":""},"categories":[6],"tags":[],"class_list":["post-59920","post","type-post","status-publish","format-standard","has-post-thumbnail","hentry","category-noticias"],"_links":{"self":[{"href":"https:\/\/www.sincomam.org.br\/index.php\/wp-json\/wp\/v2\/posts\/59920","targetHints":{"allow":["GET"]}}],"collection":[{"href":"https:\/\/www.sincomam.org.br\/index.php\/wp-json\/wp\/v2\/posts"}],"about":[{"href":"https:\/\/www.sincomam.org.br\/index.php\/wp-json\/wp\/v2\/types\/post"}],"author":[{"embeddable":true,"href":"https:\/\/www.sincomam.org.br\/index.php\/wp-json\/wp\/v2\/users\/1527"}],"replies":[{"embeddable":true,"href":"https:\/\/www.sincomam.org.br\/index.php\/wp-json\/wp\/v2\/comments?post=59920"}],"version-history":[{"count":1,"href":"https:\/\/www.sincomam.org.br\/index.php\/wp-json\/wp\/v2\/posts\/59920\/revisions"}],"predecessor-version":[{"id":59923,"href":"https:\/\/www.sincomam.org.br\/index.php\/wp-json\/wp\/v2\/posts\/59920\/revisions\/59923"}],"wp:featuredmedia":[{"embeddable":true,"href":"https:\/\/www.sincomam.org.br\/index.php\/wp-json\/wp\/v2\/media\/59922"}],"wp:attachment":[{"href":"https:\/\/www.sincomam.org.br\/index.php\/wp-json\/wp\/v2\/media?parent=59920"}],"wp:term":[{"taxonomy":"category","embeddable":true,"href":"https:\/\/www.sincomam.org.br\/index.php\/wp-json\/wp\/v2\/categories?post=59920"},{"taxonomy":"post_tag","embeddable":true,"href":"https:\/\/www.sincomam.org.br\/index.php\/wp-json\/wp\/v2\/tags?post=59920"}],"curies":[{"name":"wp","href":"https:\/\/api.w.org\/{rel}","templated":true}]}}