{"id":59902,"date":"2025-06-26T10:43:38","date_gmt":"2025-06-26T13:43:38","guid":{"rendered":"https:\/\/www.sincomam.org.br\/?p=59902"},"modified":"2025-06-26T10:43:38","modified_gmt":"2025-06-26T13:43:38","slug":"microplasticos-atingem-areas-marinhas-protegidas-do-brasil","status":"publish","type":"post","link":"https:\/\/www.sincomam.org.br\/index.php\/microplasticos-atingem-areas-marinhas-protegidas-do-brasil\/","title":{"rendered":"Micropl\u00e1sticos atingem \u00e1reas marinhas protegidas do Brasil"},"content":{"rendered":"<p class=\"\" data-start=\"280\" data-end=\"808\">No cora\u00e7\u00e3o do Atl\u00e2ntico Sul, onde o azul profundo deveria significar pureza intocada, moluscos bivalves revelaram uma verdade perturbadora. Mesmo em santu\u00e1rios marinhos altamente protegidos, como o Atol das Rocas e o Arquip\u00e9lago de Alcatrazes, a presen\u00e7a de micropl\u00e1sticos est\u00e1 registrada nos organismos que ali vivem. Um estudo liderado por pesquisadores brasileiros e australianos exp\u00f4s o impacto silencioso da polui\u00e7\u00e3o oce\u00e2nica que ignora fronteiras e desafia at\u00e9 mesmo as barreiras mais r\u00edgidas da conserva\u00e7\u00e3o ambiental.<\/p>\n<h3 class=\"\" data-start=\"815\" data-end=\"865\">Sentinelas do mar: como o estudo foi conduzido<\/h3>\n<figure id=\"attachment_158846\" class=\"wp-caption aligncenter\" aria-describedby=\"caption-attachment-158846\"><img fetchpriority=\"high\" decoding=\"async\" class=\"size-full wp-image-158846\" src=\"https:\/\/www.defesaemfoco.com.br\/wp-content\/uploads\/2025\/03\/imagem_2025-03-24_094120866.png\" sizes=\"(max-width: 1300px) 100vw, 1300px\" srcset=\"https:\/\/www.defesaemfoco.com.br\/wp-content\/uploads\/2025\/03\/imagem_2025-03-24_094120866.png 1300w, https:\/\/www.defesaemfoco.com.br\/wp-content\/uploads\/2025\/03\/imagem_2025-03-24_094120866-768x633.png 768w, https:\/\/www.defesaemfoco.com.br\/wp-content\/uploads\/2025\/03\/imagem_2025-03-24_094120866-696x574.png 696w, https:\/\/www.defesaemfoco.com.br\/wp-content\/uploads\/2025\/03\/imagem_2025-03-24_094120866-1068x881.png 1068w\" alt=\"\" width=\"1300\" height=\"1072\" \/><figcaption id=\"caption-attachment-158846\" class=\"wp-caption-text\">As dez \u00e1reas de prote\u00e7\u00e3o integral estudadas (imagem: \u00cdtalo Braga)<\/figcaption><\/figure>\n<p class=\"\" data-start=\"867\" data-end=\"1368\">O estudo publicado na revista\u00a0<em data-start=\"897\" data-end=\"921\">Environmental Research<\/em>\u00a0foi conduzido por cientistas do\u00a0Brasil\u00a0e da Austr\u00e1lia e utilizou moluscos bivalves \u2014 como ostras e mexilh\u00f5es \u2014 para monitorar a contamina\u00e7\u00e3o por micropl\u00e1sticos em dez \u00e1reas marinhas de prote\u00e7\u00e3o integral (APIs) ao longo do litoral brasileiro. Esses organismos s\u00e3o ideais para esse tipo de an\u00e1lise por filtrarem grandes volumes de \u00e1gua e acumularem contaminantes em seus tecidos, o que fornece um retrato hist\u00f3rico da qualidade ambiental da regi\u00e3o.<\/p>\n<p class=\"\" data-start=\"1370\" data-end=\"1817\">A concentra\u00e7\u00e3o m\u00e9dia de micropl\u00e1sticos encontrada nas APIs foi de 0,42 \u00b1 0,34 part\u00edcula por grama de tecido \u00famido. Alcatrazes apresentou a maior concentra\u00e7\u00e3o (0,90 \u00b1 0,59), enquanto o Atol das Rocas, mesmo sem presen\u00e7a humana, registrou 0,23 part\u00edcula por grama. Os pol\u00edmeros identificados variam entre alqu\u00eddicos (comuns em tintas e vernizes), celulose (natural ou antropog\u00eanica), PET (de embalagens e tecidos) e at\u00e9 PTFE, conhecido como teflon.<\/p>\n<p class=\"\" data-start=\"1819\" data-end=\"2039\">A an\u00e1lise qu\u00edmica conseguiu identificar 59,4% das part\u00edculas encontradas. Os outros 40,6% permanecem com composi\u00e7\u00e3o indeterminada, o que evidencia os desafios t\u00e9cnicos e a complexidade do monitoramento de micropl\u00e1sticos.<\/p>\n<h3 class=\"\" data-start=\"2046\" data-end=\"2101\">Conserva\u00e7\u00e3o em risco: limites da prote\u00e7\u00e3o ambiental<\/h3>\n<p class=\"\" data-start=\"2103\" data-end=\"2549\">As \u00e1reas marinhas protegidas s\u00e3o consideradas a linha de frente da conserva\u00e7\u00e3o da biodiversidade oce\u00e2nica. No entanto, os resultados do estudo indicam que, mesmo sob rigorosa regulamenta\u00e7\u00e3o e aus\u00eancia de atividades econ\u00f4micas ou tur\u00edsticas \u2014 como \u00e9 o caso do Atol das Rocas \u2014, a contamina\u00e7\u00e3o persiste. Isso refor\u00e7a a ideia de que a prote\u00e7\u00e3o legal n\u00e3o \u00e9 suficiente frente a um poluente que circula globalmente por correntes oce\u00e2nicas e atmosferas.<\/p>\n<p class=\"\" data-start=\"2551\" data-end=\"2920\">Essa realidade exp\u00f5e fragilidades nas estrat\u00e9gias de gest\u00e3o ambiental. A polui\u00e7\u00e3o por micropl\u00e1sticos n\u00e3o respeita fronteiras e pode ser gerada a milhares de quil\u00f4metros do local afetado. Com isso, cresce a preocupa\u00e7\u00e3o sobre os impactos na cadeia alimentar marinha e na sa\u00fade dos ecossistemas costeiros, al\u00e9m da potencial contamina\u00e7\u00e3o de esp\u00e9cies consumidas por humanos.<\/p>\n<p class=\"\" data-start=\"2922\" data-end=\"3237\">Segundo o coordenador do estudo, professor \u00cdtalo Braga, do Instituto do Mar da Universidade Federal de S\u00e3o Paulo (IMar-Unifesp), os dados s\u00e3o alarmantes, mas tamb\u00e9m oferecem uma oportunidade. \u201cEles mostram que \u00e9 necess\u00e1rio repensar a forma como tratamos a polui\u00e7\u00e3o marinha, mesmo nas \u00e1reas mais protegidas\u201d, afirma.<\/p>\n<h3 class=\"\" data-start=\"3244\" data-end=\"3289\">Um problema invis\u00edvel, global e crescente<\/h3>\n<p class=\"\" data-start=\"3291\" data-end=\"3741\">A polui\u00e7\u00e3o por micropl\u00e1sticos \u00e9 hoje um dos maiores desafios ambientais do planeta. Estima-se que milh\u00f5es de toneladas de res\u00edduos pl\u00e1sticos entrem nos oceanos todos os anos, e grande parte se fragmenta em part\u00edculas menores que cinco mil\u00edmetros. Invis\u00edveis a olho nu, essas part\u00edculas est\u00e3o em toda parte: no gelo do \u00c1rtico, nas fossas oce\u00e2nicas, na \u00e1gua que bebemos e, como demonstra o estudo, at\u00e9 nos recantos mais preservados da costa brasileira.<\/p>\n<p class=\"\" data-start=\"3743\" data-end=\"4169\">O Brasil, embora tenha avan\u00e7ado na cria\u00e7\u00e3o de \u00e1reas de prote\u00e7\u00e3o ambiental, enfrenta dificuldades em implementar pol\u00edticas de combate efetivo \u00e0 polui\u00e7\u00e3o marinha. A legisla\u00e7\u00e3o existente carece de mecanismos de rastreamento, controle e, principalmente, preven\u00e7\u00e3o da entrada de micropl\u00e1sticos nos ecossistemas aqu\u00e1ticos. A situa\u00e7\u00e3o se agrava com o baixo investimento em saneamento e o uso indiscriminado de pl\u00e1sticos descart\u00e1veis.<\/p>\n<p class=\"\" data-start=\"4171\" data-end=\"4540\">Nesse cen\u00e1rio, o Tratado Global dos Pl\u00e1sticos, em discuss\u00e3o sob a coordena\u00e7\u00e3o do Programa das Na\u00e7\u00f5es Unidas para o Meio Ambiente (PNUMA), surge como uma esperan\u00e7a. A proposta \u00e9 estabelecer normas internacionais para reduzir a produ\u00e7\u00e3o, o uso e o descarte de pl\u00e1sticos, al\u00e9m de incentivar a inova\u00e7\u00e3o em materiais biodegrad\u00e1veis e sistemas circulares de reaproveitamento.<\/p>\n<h3 class=\"\" data-start=\"4547\" data-end=\"4588\">Ci\u00eancia brasileira na linha de frente<\/h3>\n<p class=\"\" data-start=\"4590\" data-end=\"5053\">O estudo coordenado por Braga e conduzido pela doutoranda Beatriz Zachello Nunes, com financiamento da FAPESP, \u00e9 um exemplo do protagonismo da ci\u00eancia nacional no enfrentamento da crise ambiental. Ao utilizar uma abordagem inovadora e comparativa com dados globais, os pesquisadores brasileiros mostram que \u00e9 poss\u00edvel monitorar a polui\u00e7\u00e3o marinha com precis\u00e3o e responsabilidade cient\u00edfica, contribuindo para decis\u00f5es de pol\u00edticas p\u00fablicas baseadas em evid\u00eancias.<\/p>\n<p class=\"\" data-start=\"5055\" data-end=\"5415\">Com uma metodologia robusta e dados alarmantes, a pesquisa lan\u00e7a um alerta sobre a falsa sensa\u00e7\u00e3o de seguran\u00e7a nas \u00e1reas protegidas e ressalta que o combate \u00e0 polui\u00e7\u00e3o exige colabora\u00e7\u00e3o internacional, fiscaliza\u00e7\u00e3o eficaz e mudan\u00e7as no modelo de produ\u00e7\u00e3o e consumo. Os bivalves, silenciosos sentinelas do mar, deram seu recado. Agora, cabe \u00e0 sociedade ouvi-los.<\/p>\n<p>Fonte:\u00a0Ag\u00eancia FAPESP<\/p>\n","protected":false},"excerpt":{"rendered":"<p>No cora\u00e7\u00e3o do Atl\u00e2ntico Sul, onde o azul profundo deveria significar pureza intocada, moluscos bivalves revelaram uma verdade perturbadora. Mesmo em santu\u00e1rios marinhos altamente protegidos,&#8230;<\/p>\n","protected":false},"author":1527,"featured_media":59904,"comment_status":"closed","ping_status":"closed","sticky":false,"template":"","format":"standard","meta":{"footnotes":""},"categories":[6],"tags":[],"class_list":["post-59902","post","type-post","status-publish","format-standard","has-post-thumbnail","hentry","category-noticias"],"_links":{"self":[{"href":"https:\/\/www.sincomam.org.br\/index.php\/wp-json\/wp\/v2\/posts\/59902","targetHints":{"allow":["GET"]}}],"collection":[{"href":"https:\/\/www.sincomam.org.br\/index.php\/wp-json\/wp\/v2\/posts"}],"about":[{"href":"https:\/\/www.sincomam.org.br\/index.php\/wp-json\/wp\/v2\/types\/post"}],"author":[{"embeddable":true,"href":"https:\/\/www.sincomam.org.br\/index.php\/wp-json\/wp\/v2\/users\/1527"}],"replies":[{"embeddable":true,"href":"https:\/\/www.sincomam.org.br\/index.php\/wp-json\/wp\/v2\/comments?post=59902"}],"version-history":[{"count":1,"href":"https:\/\/www.sincomam.org.br\/index.php\/wp-json\/wp\/v2\/posts\/59902\/revisions"}],"predecessor-version":[{"id":59905,"href":"https:\/\/www.sincomam.org.br\/index.php\/wp-json\/wp\/v2\/posts\/59902\/revisions\/59905"}],"wp:featuredmedia":[{"embeddable":true,"href":"https:\/\/www.sincomam.org.br\/index.php\/wp-json\/wp\/v2\/media\/59904"}],"wp:attachment":[{"href":"https:\/\/www.sincomam.org.br\/index.php\/wp-json\/wp\/v2\/media?parent=59902"}],"wp:term":[{"taxonomy":"category","embeddable":true,"href":"https:\/\/www.sincomam.org.br\/index.php\/wp-json\/wp\/v2\/categories?post=59902"},{"taxonomy":"post_tag","embeddable":true,"href":"https:\/\/www.sincomam.org.br\/index.php\/wp-json\/wp\/v2\/tags?post=59902"}],"curies":[{"name":"wp","href":"https:\/\/api.w.org\/{rel}","templated":true}]}}