{"id":59874,"date":"2025-06-25T13:06:41","date_gmt":"2025-06-25T16:06:41","guid":{"rendered":"https:\/\/www.sincomam.org.br\/?p=59874"},"modified":"2025-06-25T13:06:41","modified_gmt":"2025-06-25T16:06:41","slug":"inss-estima-iniciar-ressarcimento-de-aposentados-no-dia-24-de-julho","status":"publish","type":"post","link":"https:\/\/www.sincomam.org.br\/index.php\/inss-estima-iniciar-ressarcimento-de-aposentados-no-dia-24-de-julho\/","title":{"rendered":"INSS estima iniciar ressarcimento de aposentados no dia 24 de julho"},"content":{"rendered":"<p>O Instituto Nacional do Seguro Social (INSS) informou nesta ter\u00e7a-feira (24) ao Supremo Tribunal Federal (STF) que o \u00f3rg\u00e3o pode iniciar o ressarcimento dos descontos irregulares nos benef\u00edcios de aposentados e pensionistas no dia 24 de julho. A proposta foi apresentada durante audi\u00eancia de concilia\u00e7\u00e3o convocada pela Corte para tratar do assunto.<img decoding=\"async\" src=\"https:\/\/agenciabrasil.ebc.com.br\/ebc.png?id=1648178&amp;o=node\" \/><img decoding=\"async\" src=\"https:\/\/agenciabrasil.ebc.com.br\/ebc.gif?id=1648178&amp;o=node\" \/><\/p>\n<p>De acordo com a proposta, os pagamentos seriam feitos de 15 em 15 dias, a partir da data inicial.\u00a0Cada lote deve contar com o ressarcimento de 1,5 milh\u00e3o de benefici\u00e1rios.\u00a0Os valores ser\u00e3o corrigidos pelo \u00cdndice Nacional de Pre\u00e7os ao Consumidor Amplo (IPCA), indicador oficial da infla\u00e7\u00e3o.<\/p>\n<p>De acordo com o presidente do INSS, Gilberto Waller, o calend\u00e1rio de pagamento depender\u00e1 da valida\u00e7\u00e3o do ministro Dias Toffoli, relator da a\u00e7\u00e3o que trata dos descontos no STF.<\/p>\n<p>&#8220;A gente tem v\u00e1rias situa\u00e7\u00f5es que poderiam gerar d\u00favidas em uma judicializa\u00e7\u00e3o, como \u00edndices de corre\u00e7\u00e3o, prazo prescricional, responsabiliza\u00e7\u00e3o por dano moral do INSS. A gente precisava de uma pe\u00e7a que pudesse ter um grande acordo, para ter uma solu\u00e7\u00e3o definitiva para os aposentados e pensionistas&#8221;, afirmou.<\/p>\n<p>&nbsp;<\/p>\n<p>O presidente do instituto tamb\u00e9m garantiu que o INSS vai fazer a devolu\u00e7\u00e3o integral dos valores descontados.\u00a0&#8220;A nossa ideia \u00e9 que, de maneira r\u00e1pida e c\u00e9lere, venha a fazer o ressarcimento de todos de maneira integral&#8221;, completou.<\/p>\n<p>Segundo o INSS, cerca de 3,4 milh\u00f5es de aposentados reconheceram os descontos irregulares\u00a0ap\u00f3s serem notificados pelo instituto para se manifestarem sobre as irregularidades.<\/p>\n<h2>Concilia\u00e7\u00e3o<\/h2>\n<p>A audi\u00eancia de concilia\u00e7\u00e3o foi convocada no \u00e2mbito da a\u00e7\u00e3o protocolada pela Advocacia-Geral da Uni\u00e3o (AGU) para solicitar que o ressarcimento seja avaliado pelo Supremo.<\/p>\n<p>Na semana passada,\u00a0Dias Toffoli determinou a suspens\u00e3o da prescri\u00e7\u00e3o das a\u00e7\u00f5es protocoladas na Justi\u00e7a em busca do ressarcimento.\u00a0A decis\u00e3o vale para todas pretens\u00f5es indenizat\u00f3rias de aposentados e pensionistas que foram lesados pelos descontos indevidos.<\/p>\n<p>Contudo, o ministro deixou de analisar os pedidos da AGU para abertura de cr\u00e9dito extraordin\u00e1rio no or\u00e7amento para viabilizar o ressarcimento e a exclus\u00e3o dos valores do teto de gastos da Uni\u00e3o para os anos de 2025 e 2026. A suspens\u00e3o nacional das a\u00e7\u00f5es que tratam do pagamento tamb\u00e9m n\u00e3o foi analisada.<\/p>\n<p>Segundo Toffoli, os requerimentos ser\u00e3o analisados no decorrer da tramita\u00e7\u00e3o da a\u00e7\u00e3o que trata da quest\u00e3o no Supremo.<\/p>\n<h2>Bloqueios<\/h2>\n<p>At\u00e9 o momento,\u00a0a Justi\u00e7a Federal j\u00e1 bloqueou R$ 2,8 bilh\u00f5es em bens de empresas e investigados\u00a0envolvidos nas fraudes em descontos irregulares nos benef\u00edcios.<\/p>\n<p>As fraudes s\u00e3o investigadas na Opera\u00e7\u00e3o Sem Desconto, da Pol\u00edcia Federal, que apura um esquema nacional de descontos de mensalidades associativas n\u00e3o autorizadas. Estima-se que cerca de R$ 6,3 bilh\u00f5es foram descontados de aposentados e pensionistas entre 2019 e 2024.<\/p>\n<p>Fonte: Ag\u00eancia Brasil<\/p>\n","protected":false},"excerpt":{"rendered":"<p>O Instituto Nacional do Seguro Social (INSS) informou nesta ter\u00e7a-feira (24) ao Supremo Tribunal Federal (STF) que o \u00f3rg\u00e3o pode iniciar o ressarcimento dos descontos&#8230;<\/p>\n","protected":false},"author":1527,"featured_media":59876,"comment_status":"closed","ping_status":"closed","sticky":false,"template":"","format":"standard","meta":{"footnotes":""},"categories":[6],"tags":[],"class_list":["post-59874","post","type-post","status-publish","format-standard","has-post-thumbnail","hentry","category-noticias"],"_links":{"self":[{"href":"https:\/\/www.sincomam.org.br\/index.php\/wp-json\/wp\/v2\/posts\/59874","targetHints":{"allow":["GET"]}}],"collection":[{"href":"https:\/\/www.sincomam.org.br\/index.php\/wp-json\/wp\/v2\/posts"}],"about":[{"href":"https:\/\/www.sincomam.org.br\/index.php\/wp-json\/wp\/v2\/types\/post"}],"author":[{"embeddable":true,"href":"https:\/\/www.sincomam.org.br\/index.php\/wp-json\/wp\/v2\/users\/1527"}],"replies":[{"embeddable":true,"href":"https:\/\/www.sincomam.org.br\/index.php\/wp-json\/wp\/v2\/comments?post=59874"}],"version-history":[{"count":1,"href":"https:\/\/www.sincomam.org.br\/index.php\/wp-json\/wp\/v2\/posts\/59874\/revisions"}],"predecessor-version":[{"id":59877,"href":"https:\/\/www.sincomam.org.br\/index.php\/wp-json\/wp\/v2\/posts\/59874\/revisions\/59877"}],"wp:featuredmedia":[{"embeddable":true,"href":"https:\/\/www.sincomam.org.br\/index.php\/wp-json\/wp\/v2\/media\/59876"}],"wp:attachment":[{"href":"https:\/\/www.sincomam.org.br\/index.php\/wp-json\/wp\/v2\/media?parent=59874"}],"wp:term":[{"taxonomy":"category","embeddable":true,"href":"https:\/\/www.sincomam.org.br\/index.php\/wp-json\/wp\/v2\/categories?post=59874"},{"taxonomy":"post_tag","embeddable":true,"href":"https:\/\/www.sincomam.org.br\/index.php\/wp-json\/wp\/v2\/tags?post=59874"}],"curies":[{"name":"wp","href":"https:\/\/api.w.org\/{rel}","templated":true}]}}