{"id":59870,"date":"2025-06-25T12:35:16","date_gmt":"2025-06-25T15:35:16","guid":{"rendered":"https:\/\/www.sincomam.org.br\/?p=59870"},"modified":"2025-06-25T13:07:55","modified_gmt":"2025-06-25T16:07:55","slug":"ibama-concede-1a-licenca-previa-a-projeto-eolico-offshore-no-pais","status":"publish","type":"post","link":"https:\/\/www.sincomam.org.br\/index.php\/ibama-concede-1a-licenca-previa-a-projeto-eolico-offshore-no-pais\/","title":{"rendered":"Ibama concede 1\u00aa licen\u00e7a pr\u00e9via a projeto e\u00f3lico offshore no pa\u00eds"},"content":{"rendered":"<p>Com capacidade instalada de at\u00e9 24,5 megawatts (MW), o S\u00edtio de Testes de Aerogeradores Offshore recebeu nesta ter\u00e7a-feira (24) a licen\u00e7a pr\u00e9via do Instituto Brasileiro do Meio Ambiente e dos Recursos Naturais Renov\u00e1veis (Ibama). A estrutura ser\u00e1 implementada no litoral do munic\u00edpio de Areia Branca (RN).\u00a0<strong>\u00c9 a primeira licen\u00e7a pr\u00e9via para um projeto de energia e\u00f3lica\u00a0<em>offshore<\/em>\u00a0(em alto-mar) no pa\u00eds.<\/strong><img decoding=\"async\" src=\"https:\/\/agenciabrasil.ebc.com.br\/ebc.png?id=1648187&amp;o=node\" \/><img decoding=\"async\" src=\"https:\/\/agenciabrasil.ebc.com.br\/ebc.gif?id=1648187&amp;o=node\" \/><\/p>\n<p>O documento foi entregue pela diretora de Licenciamento Ambiental, Claudia Barros, e pelo presidente substituto do Ibama, Jair Schmitt, ao coordenador do Plano de Desenvolvimento Institucional (PDI) do Instituto Senai de Inova\u00e7\u00e3o em Energias Renov\u00e1veis (ISI-ER), Ant\u00f4nio Medeiros, e ao diretor regional do Senai no Rio Grande do Norte, Rodrigo Mello.<\/p>\n<p>Segundo informa\u00e7\u00f5es do Ibama, a licen\u00e7a pr\u00e9via foi concedida ap\u00f3s &#8220;extenso processo de an\u00e1lise&#8221; conduzido por uma equipe t\u00e9cnica multidisciplinar do instituto, \u201ccom ampla experi\u00eancia em avalia\u00e7\u00e3o de impactos ambientais\u201d.<\/p>\n<p>O trabalho teve in\u00edcio em 2017, de acordo com o coordenador de Licenciamento Ambiental de Gera\u00e7\u00e3o de Energias Renov\u00e1veis e T\u00e9rmicas, Eduardo Wagner. \u201c\u00c9 uma oportunidade \u00fanica e necess\u00e1ria de construir as formas de avalia\u00e7\u00e3o dentro do licenciamento ambiental desde o come\u00e7o, considerando de maneira adequada os impactos nos meios social, bi\u00f3tico e f\u00edsico\u201d, disse.<\/p>\n<p><strong>A avalia\u00e7\u00e3o ambiental identificou impactos associados ao projeto que motivaram recomenda\u00e7\u00f5es para fortalecer o Plano de Gest\u00e3o Ambiental.\u00a0<\/strong>O documento \u00e9 composto por 13 programas, com a\u00e7\u00f5es que v\u00e3o desde o monitoramento de fauna, ru\u00eddos subaqu\u00e1ticos, comunica\u00e7\u00e3o social, at\u00e9 a qualifica\u00e7\u00e3o profissional, entre outras provid\u00eancias para garantir a sustentabilidade do empreendimento.<\/p>\n<p>\u201cA emiss\u00e3o da licen\u00e7a pr\u00e9via atesta a viabilidade ambiental do projeto em sua fase de planejamento, condicionada ao cumprimento dos requisitos estabelecidos pelo Ibama para as pr\u00f3ximas etapas do licenciamento\u201d, destacou Eduardo Wagner.<\/p>\n<p>A licen\u00e7a pr\u00e9via foi entregue em evento no edif\u00edcio-sede do Ibama, em Bras\u00edlia. Para Claudia Barros, diretora de Licenciamento Ambiental do instituto, a concess\u00e3o do documento representa um marco institucional. \u201c[A emiss\u00e3o] \u00e9 uma possibilidade de gerarmos conhecimento e informa\u00e7\u00e3o sobre um setor que pode deslanchar nos pr\u00f3ximos anos\u201d, ressaltou.<\/p>\n<p>Fonte: Ag\u00eancia Brasil<\/p>\n","protected":false},"excerpt":{"rendered":"<p>Com capacidade instalada de at\u00e9 24,5 megawatts (MW), o S\u00edtio de Testes de Aerogeradores Offshore recebeu nesta ter\u00e7a-feira (24) a licen\u00e7a pr\u00e9via do Instituto Brasileiro&#8230;<\/p>\n","protected":false},"author":1527,"featured_media":59872,"comment_status":"closed","ping_status":"closed","sticky":false,"template":"","format":"standard","meta":{"footnotes":""},"categories":[6],"tags":[],"class_list":["post-59870","post","type-post","status-publish","format-standard","has-post-thumbnail","hentry","category-noticias"],"_links":{"self":[{"href":"https:\/\/www.sincomam.org.br\/index.php\/wp-json\/wp\/v2\/posts\/59870","targetHints":{"allow":["GET"]}}],"collection":[{"href":"https:\/\/www.sincomam.org.br\/index.php\/wp-json\/wp\/v2\/posts"}],"about":[{"href":"https:\/\/www.sincomam.org.br\/index.php\/wp-json\/wp\/v2\/types\/post"}],"author":[{"embeddable":true,"href":"https:\/\/www.sincomam.org.br\/index.php\/wp-json\/wp\/v2\/users\/1527"}],"replies":[{"embeddable":true,"href":"https:\/\/www.sincomam.org.br\/index.php\/wp-json\/wp\/v2\/comments?post=59870"}],"version-history":[{"count":1,"href":"https:\/\/www.sincomam.org.br\/index.php\/wp-json\/wp\/v2\/posts\/59870\/revisions"}],"predecessor-version":[{"id":59873,"href":"https:\/\/www.sincomam.org.br\/index.php\/wp-json\/wp\/v2\/posts\/59870\/revisions\/59873"}],"wp:featuredmedia":[{"embeddable":true,"href":"https:\/\/www.sincomam.org.br\/index.php\/wp-json\/wp\/v2\/media\/59872"}],"wp:attachment":[{"href":"https:\/\/www.sincomam.org.br\/index.php\/wp-json\/wp\/v2\/media?parent=59870"}],"wp:term":[{"taxonomy":"category","embeddable":true,"href":"https:\/\/www.sincomam.org.br\/index.php\/wp-json\/wp\/v2\/categories?post=59870"},{"taxonomy":"post_tag","embeddable":true,"href":"https:\/\/www.sincomam.org.br\/index.php\/wp-json\/wp\/v2\/tags?post=59870"}],"curies":[{"name":"wp","href":"https:\/\/api.w.org\/{rel}","templated":true}]}}